{"id":23087,"date":"2026-01-14T13:39:26","date_gmt":"2026-01-14T12:39:26","guid":{"rendered":"https:\/\/www.isabena.eu\/reserva-ahora-para-2026-ventajas-exclusivas-al-reservar-tu-camping-en-espana-2\/"},"modified":"2026-01-26T08:55:21","modified_gmt":"2026-01-26T07:55:21","slug":"wanneer-is-de-beste-tijd-om-isabena-te-bezoeken-de-ideale-tijd-voor-een-gezinsvakantie-in-de-pyreneeen-weg-van-de-toeristische-drukte","status":"publish","type":"post","link":"https:\/\/www.isabena.eu\/nl\/wanneer-is-de-beste-tijd-om-isabena-te-bezoeken-de-ideale-tijd-voor-een-gezinsvakantie-in-de-pyreneeen-weg-van-de-toeristische-drukte\/","title":{"rendered":"Wanneer is de beste tijd om Is\u00e1bena te bezoeken? De ideale tijd voor een gezinsvakantie in de Pyrenee\u00ebn, weg van de toeristische drukte"},"content":{"rendered":"\n<p>Als u een gezinsvakantie in de Spaanse Pyrenee\u00ebn plant, vraagt \u200b\u200bu zich waarschijnlijk af: Wanneer is de beste tijd om de Spaanse Pyrenee\u00ebn te bezoeken? Het antwoord hangt af van uw voorkeuren: rust en stilte, natuurwandelingen, gezinsactiviteiten of plattelandstoerisme. In dit artikel helpen we u bij het plannen van uw reis, zodat u optimaal van uw verblijf kunt genieten, de drukte kunt ontvluchten en de schoonheid van het landschap kunt bewonderen.<\/p>\n\n\n\n<h2 class=\"wp-block-heading\">Lente in de Pyrenee\u00ebn: De natuur in volle bloei\u00a0\ud83c\udf38<\/h2>\n\n\n\n<p>De lente is een van de beste periodes om Is\u00e1bena en de Spaanse Pyrenee\u00ebn te bezoeken.<\/p>\n\n\n\n<p>\u2022 Milde, aangename temperaturen \u2013 perfect voor gezinsvriendelijke wandelingen.<\/p>\n\n\n\n<p>\u2022 De natuur ontwaakt: rivieren, watervallen en bossen bieden adembenemende landschappen.<\/p>\n\n\n\n<p>Minder toeristen dan in de zomer \u2013 ideaal voor een ontspannen vakantie in de Pyrenee\u00ebn.<\/p>\n\n\n\n<p>Als u op zoek bent naar een landelijke vakantie in de Pyrenee\u00ebn in het voorjaar, dan is dit de perfecte tijd om wandelen, regionale gerechten en buitenactiviteiten te combineren zonder de drukte.<\/p>\n\n\n\n<figure class=\"wp-block-image size-large\"><img decoding=\"async\" width=\"1024\" height=\"767\" src=\"https:\/\/www.isabena.eu\/wp-content\/uploads\/2026\/01\/roda-de-isabena_7e4d936c_250303164710_1280x959-1024x767.webp\" alt=\"\" class=\"wp-image-22976\" srcset=\"https:\/\/www.isabena.eu\/wp-content\/uploads\/2026\/01\/roda-de-isabena_7e4d936c_250303164710_1280x959-1024x767.webp 1024w, https:\/\/www.isabena.eu\/wp-content\/uploads\/2026\/01\/roda-de-isabena_7e4d936c_250303164710_1280x959-300x225.webp 300w, https:\/\/www.isabena.eu\/wp-content\/uploads\/2026\/01\/roda-de-isabena_7e4d936c_250303164710_1280x959-768x575.webp 768w, https:\/\/www.isabena.eu\/wp-content\/uploads\/2026\/01\/roda-de-isabena_7e4d936c_250303164710_1280x959.webp 1280w\" sizes=\"(max-width: 1024px) 100vw, 1024px\" \/><\/figure>\n\n\n\n<h2 class=\"wp-block-heading\">Zomer: Zon en plezier voor het hele gezin\u00a0\u2600\ufe0f<\/h2>\n\n\n\n<p>De zomer is ideaal voor gezinsactiviteiten, maar het is ook het hoogseizoen.<\/p>\n\n\n\n<p>\u2022 Perfect voor kamperen met zwembaden, avontuurlijke sporten en begeleide excursies.<\/p>\n\n\n\n<p>\u2022 Boek vroeg om de beste campings en accommodaties te bemachtigen.<\/p>\n\n\n\n<p>\u2022 Ondanks het toegenomen aantal toeristen is het warme weer perfect voor excursies en buitenactiviteiten.<\/p>\n\n\n\n<p>Om de drukte te ontvluchten, kunt u minder bekende dorpjes in de buurt of landelijke gebieden in de Is\u00e1bena-vallei verkennen.<\/p>\n\n\n\n<h2 class=\"wp-block-heading\">De herfst in de Pyrenee\u00ebn: Rust en levendige kleuren&nbsp;\ud83c\udf3e\ud83c\udf41<\/h2>\n\n\n\n<p>De herfst is een van de mooiste periodes om de Spaanse Pyrenee\u00ebn te bezoeken:<\/p>\n\n\n\n<p>\u2022 Bossen in vuur en vlam met oranje en rode tinten \u2013 perfect voor fotografie en wandelen.<\/p>\n\n\n\n<p>\u2022 Minder toeristen, ideaal voor een ontspannen vakantie in de Pyrenee\u00ebn.<\/p>\n\n\n\n<p>\u2022 Aangenaam weer en tal van activiteiten voor het hele gezin.<\/p>\n\n\n\n<p>Als u houdt van de landelijke charme in de herfst, is dit het perfecte moment om te genieten van de regionale keuken, natuurpaden en ontspanning met uw gezin.<\/p>\n\n\n\n<h2 class=\"wp-block-heading\">De winter: Sneeuw en plezier&nbsp;\u26f7\u2744\ufe0f<\/h2>\n\n\n\n<p>De winter is het sneeuwseizoen in de hooglanden \u2013 ideaal om een \u200b\u200bgezinsvakantie in de Pyrenee\u00ebn te combineren met wintersport.<\/p>\n\n\n\n<p>\u2022 Wintersporten zoals ski\u00ebn, slee\u00ebn of sneeuwschoenwandelen.<\/p>\n\n\n\n<p>\u2022 Minder toeristen dan in grote skigebieden \u2013 perfect voor wie op zoek is naar rust.<\/p>\n\n\n\n<p>\u2022 Gezellige landelijke accommodaties in de Is\u00e1bena-vallei.<\/p>\n\n\n\n<h2 class=\"wp-block-heading\">Laatste tips voor je bezoek aan Is\u00e1bena\u00a0\ud83d\udcc5<\/h2>\n\n\n\n<p>1. Vermijd het hoogseizoen als je op zoek bent naar rust: Pasen en augustus zijn de drukste maanden.<\/p>\n\n\n\n<p>2. Boek je accommodatie vroeg in de lente en zomer om de beste staanplaatsen en accommodaties te bemachtigen.<\/p>\n\n\n\n<p>3. Informeer naar de seizoensgebonden activiteiten: wandelen, vissen, fietsen, regionale gerechten of wintersporten.<\/p>\n\n\n\n<p>4. Denk aan je gezin: kies seizoenen met aangenaam weer en kindvriendelijke wandelroutes.<\/p>\n\n\n\n<p>Door je reis te plannen op basis van de beste reistijd voor de Spaanse Pyrenee\u00ebn, kun je genieten van een onvergetelijke familievakantie met plattelandstoerisme, natuur en rust, de drukte ontvluchten en optimaal profiteren van elk seizoen.<\/p>\n\n\n\n<p>\ud83d\udccd\u00a0Meer informatie en boeken: <a href=\"https:\/\/www.isabena.eu\">Camping Is\u00e1bena<\/a><\/p>\n","protected":false},"excerpt":{"rendered":"<p>Als u een gezinsvakantie in de Spaanse Pyrenee\u00ebn plant, vraagt \u200b\u200bu zich waarschijnlijk af: Wanneer is de beste tijd om de Spaanse Pyrenee\u00ebn te bezoeken? Het antwoord hangt af van uw voorkeuren: rust en stilte, natuurwandelingen, gezinsactiviteiten of plattelandstoerisme. In dit artikel helpen we u bij het plannen van uw reis, zodat u optimaal van&#8230; <a class=\"excerpt-read-more\" href=\"https:\/\/www.isabena.eu\/nl\/wanneer-is-de-beste-tijd-om-isabena-te-bezoeken-de-ideale-tijd-voor-een-gezinsvakantie-in-de-pyreneeen-weg-van-de-toeristische-drukte\/\" title=\"Read Wanneer is de beste tijd om Is\u00e1bena te bezoeken? De ideale tijd voor een gezinsvakantie in de Pyrenee\u00ebn, weg van de toeristische drukte\">Lees meer &raquo;<\/a><\/p>\n","protected":false},"author":4,"featured_media":22967,"comment_status":"closed","ping_status":"closed","sticky":false,"template":"","format":"standard","meta":{"_acf_changed":false,"_joinchat":[],"footnotes":""},"categories":[308],"tags":[],"class_list":["post-23087","post","type-post","status-publish","format-standard","has-post-thumbnail","hentry","category-bungalowpark-nl"],"acf":[],"yoast_head":"<!-- This site is optimized with the Yoast SEO plugin v24.7 - https:\/\/yoast.com\/wordpress\/plugins\/seo\/ -->\n<title>Wanneer de Aragonese Pyrenee\u00ebn te bezoeken: de beste tijd voor een gezinsvakantie in Is\u00e1bena<\/title>\n<meta name=\"description\" content=\"Ontdek de beste reistijd voor de Aragonese Pyrenee\u00ebn en plan uw familievakantie in Is\u00e1bena. Of het nu lente, zomer, herfst of winter is, geniet ervan zonder de drukte.\" \/>\n<meta name=\"robots\" content=\"index, follow, max-snippet:-1, max-image-preview:large, max-video-preview:-1\" \/>\n<link rel=\"canonical\" href=\"https:\/\/www.isabena.eu\/nl\/wanneer-is-de-beste-tijd-om-isabena-te-bezoeken-de-ideale-tijd-voor-een-gezinsvakantie-in-de-pyreneeen-weg-van-de-toeristische-drukte\/\" \/>\n<meta property=\"og:locale\" content=\"nl_NL\" \/>\n<meta property=\"og:type\" content=\"article\" \/>\n<meta property=\"og:title\" content=\"Wanneer de Aragonese Pyrenee\u00ebn te bezoeken: de beste tijd voor een gezinsvakantie in Is\u00e1bena\" \/>\n<meta property=\"og:description\" content=\"Ontdek de beste reistijd voor de Aragonese Pyrenee\u00ebn en plan uw familievakantie in Is\u00e1bena. Of het nu lente, zomer, herfst of winter is, geniet ervan zonder de drukte.\" \/>\n<meta property=\"og:url\" content=\"https:\/\/www.isabena.eu\/nl\/wanneer-is-de-beste-tijd-om-isabena-te-bezoeken-de-ideale-tijd-voor-een-gezinsvakantie-in-de-pyreneeen-weg-van-de-toeristische-drukte\/\" \/>\n<meta property=\"og:site_name\" content=\"Camping Is\u00e1bena\" \/>\n<meta property=\"article:publisher\" content=\"https:\/\/www.facebook.com\/Campingbungalparkisabena\" \/>\n<meta property=\"article:published_time\" content=\"2026-01-14T12:39:26+00:00\" \/>\n<meta property=\"article:modified_time\" content=\"2026-01-26T07:55:21+00:00\" \/>\n<meta property=\"og:image\" content=\"https:\/\/www.isabena.eu\/wp-content\/uploads\/2026\/01\/roda_de_isabena_1.jpg\" \/>\n\t<meta property=\"og:image:width\" content=\"1000\" \/>\n\t<meta property=\"og:image:height\" content=\"620\" \/>\n\t<meta property=\"og:image:type\" content=\"image\/jpeg\" \/>\n<meta name=\"author\" content=\"Camping Isabena\" \/>\n<meta name=\"twitter:card\" content=\"summary_large_image\" \/>\n<meta name=\"twitter:creator\" content=\"@CampingIsbena\" \/>\n<meta name=\"twitter:site\" content=\"@CampingIsbena\" \/>\n<meta name=\"twitter:label1\" content=\"Geschreven door\" \/>\n\t<meta name=\"twitter:data1\" content=\"Camping Isabena\" \/>\n\t<meta name=\"twitter:label2\" content=\"Geschatte leestijd\" \/>\n\t<meta name=\"twitter:data2\" content=\"3 minuten\" \/>\n<!-- \/ Yoast SEO plugin. -->","yoast_head_json":{"title":"Wanneer de Aragonese Pyrenee\u00ebn te bezoeken: de beste tijd voor een gezinsvakantie in Is\u00e1bena","description":"Ontdek de beste reistijd voor de Aragonese Pyrenee\u00ebn en plan uw familievakantie in Is\u00e1bena. Of het nu lente, zomer, herfst of winter is, geniet ervan zonder de drukte.","robots":{"index":"index","follow":"follow","max-snippet":"max-snippet:-1","max-image-preview":"max-image-preview:large","max-video-preview":"max-video-preview:-1"},"canonical":"https:\/\/www.isabena.eu\/nl\/wanneer-is-de-beste-tijd-om-isabena-te-bezoeken-de-ideale-tijd-voor-een-gezinsvakantie-in-de-pyreneeen-weg-van-de-toeristische-drukte\/","og_locale":"nl_NL","og_type":"article","og_title":"Wanneer de Aragonese Pyrenee\u00ebn te bezoeken: de beste tijd voor een gezinsvakantie in Is\u00e1bena","og_description":"Ontdek de beste reistijd voor de Aragonese Pyrenee\u00ebn en plan uw familievakantie in Is\u00e1bena. Of het nu lente, zomer, herfst of winter is, geniet ervan zonder de drukte.","og_url":"https:\/\/www.isabena.eu\/nl\/wanneer-is-de-beste-tijd-om-isabena-te-bezoeken-de-ideale-tijd-voor-een-gezinsvakantie-in-de-pyreneeen-weg-van-de-toeristische-drukte\/","og_site_name":"Camping Is\u00e1bena","article_publisher":"https:\/\/www.facebook.com\/Campingbungalparkisabena","article_published_time":"2026-01-14T12:39:26+00:00","article_modified_time":"2026-01-26T07:55:21+00:00","og_image":[{"width":1000,"height":620,"url":"https:\/\/www.isabena.eu\/wp-content\/uploads\/2026\/01\/roda_de_isabena_1.jpg","type":"image\/jpeg"}],"author":"Camping Isabena","twitter_card":"summary_large_image","twitter_creator":"@CampingIsbena","twitter_site":"@CampingIsbena","twitter_misc":{"Geschreven door":"Camping Isabena","Geschatte leestijd":"3 minuten"},"schema":{"@context":"https:\/\/schema.org","@graph":[{"@type":"Article","@id":"https:\/\/www.isabena.eu\/nl\/wanneer-is-de-beste-tijd-om-isabena-te-bezoeken-de-ideale-tijd-voor-een-gezinsvakantie-in-de-pyreneeen-weg-van-de-toeristische-drukte\/#article","isPartOf":{"@id":"https:\/\/www.isabena.eu\/nl\/wanneer-is-de-beste-tijd-om-isabena-te-bezoeken-de-ideale-tijd-voor-een-gezinsvakantie-in-de-pyreneeen-weg-van-de-toeristische-drukte\/"},"author":{"name":"Camping Isabena","@id":"https:\/\/www.isabena.eu\/nl\/#\/schema\/person\/0dd617a764c41eb4457bf1534460da15"},"headline":"Wanneer is de beste tijd om Is\u00e1bena te bezoeken? De ideale tijd voor een gezinsvakantie in de Pyrenee\u00ebn, weg van de toeristische drukte","datePublished":"2026-01-14T12:39:26+00:00","dateModified":"2026-01-26T07:55:21+00:00","mainEntityOfPage":{"@id":"https:\/\/www.isabena.eu\/nl\/wanneer-is-de-beste-tijd-om-isabena-te-bezoeken-de-ideale-tijd-voor-een-gezinsvakantie-in-de-pyreneeen-weg-van-de-toeristische-drukte\/"},"wordCount":521,"publisher":{"@id":"https:\/\/www.isabena.eu\/nl\/#organization"},"image":{"@id":"https:\/\/www.isabena.eu\/nl\/wanneer-is-de-beste-tijd-om-isabena-te-bezoeken-de-ideale-tijd-voor-een-gezinsvakantie-in-de-pyreneeen-weg-van-de-toeristische-drukte\/#primaryimage"},"thumbnailUrl":"https:\/\/www.isabena.eu\/wp-content\/uploads\/2026\/01\/roda_de_isabena_1.jpg","articleSection":["BungalowPark"],"inLanguage":"nl-NL"},{"@type":"WebPage","@id":"https:\/\/www.isabena.eu\/nl\/wanneer-is-de-beste-tijd-om-isabena-te-bezoeken-de-ideale-tijd-voor-een-gezinsvakantie-in-de-pyreneeen-weg-van-de-toeristische-drukte\/","url":"https:\/\/www.isabena.eu\/nl\/wanneer-is-de-beste-tijd-om-isabena-te-bezoeken-de-ideale-tijd-voor-een-gezinsvakantie-in-de-pyreneeen-weg-van-de-toeristische-drukte\/","name":"Wanneer de Aragonese Pyrenee\u00ebn te bezoeken: de beste tijd voor een gezinsvakantie in Is\u00e1bena","isPartOf":{"@id":"https:\/\/www.isabena.eu\/nl\/#website"},"primaryImageOfPage":{"@id":"https:\/\/www.isabena.eu\/nl\/wanneer-is-de-beste-tijd-om-isabena-te-bezoeken-de-ideale-tijd-voor-een-gezinsvakantie-in-de-pyreneeen-weg-van-de-toeristische-drukte\/#primaryimage"},"image":{"@id":"https:\/\/www.isabena.eu\/nl\/wanneer-is-de-beste-tijd-om-isabena-te-bezoeken-de-ideale-tijd-voor-een-gezinsvakantie-in-de-pyreneeen-weg-van-de-toeristische-drukte\/#primaryimage"},"thumbnailUrl":"https:\/\/www.isabena.eu\/wp-content\/uploads\/2026\/01\/roda_de_isabena_1.jpg","datePublished":"2026-01-14T12:39:26+00:00","dateModified":"2026-01-26T07:55:21+00:00","description":"Ontdek de beste reistijd voor de Aragonese Pyrenee\u00ebn en plan uw familievakantie in Is\u00e1bena. Of het nu lente, zomer, herfst of winter is, geniet ervan zonder de drukte.","breadcrumb":{"@id":"https:\/\/www.isabena.eu\/nl\/wanneer-is-de-beste-tijd-om-isabena-te-bezoeken-de-ideale-tijd-voor-een-gezinsvakantie-in-de-pyreneeen-weg-van-de-toeristische-drukte\/#breadcrumb"},"inLanguage":"nl-NL","potentialAction":[{"@type":"ReadAction","target":["https:\/\/www.isabena.eu\/nl\/wanneer-is-de-beste-tijd-om-isabena-te-bezoeken-de-ideale-tijd-voor-een-gezinsvakantie-in-de-pyreneeen-weg-van-de-toeristische-drukte\/"]}]},{"@type":"ImageObject","inLanguage":"nl-NL","@id":"https:\/\/www.isabena.eu\/nl\/wanneer-is-de-beste-tijd-om-isabena-te-bezoeken-de-ideale-tijd-voor-een-gezinsvakantie-in-de-pyreneeen-weg-van-de-toeristische-drukte\/#primaryimage","url":"https:\/\/www.isabena.eu\/wp-content\/uploads\/2026\/01\/roda_de_isabena_1.jpg","contentUrl":"https:\/\/www.isabena.eu\/wp-content\/uploads\/2026\/01\/roda_de_isabena_1.jpg","width":1000,"height":620},{"@type":"BreadcrumbList","@id":"https:\/\/www.isabena.eu\/nl\/wanneer-is-de-beste-tijd-om-isabena-te-bezoeken-de-ideale-tijd-voor-een-gezinsvakantie-in-de-pyreneeen-weg-van-de-toeristische-drukte\/#breadcrumb","itemListElement":[{"@type":"ListItem","position":1,"name":"Home","item":"https:\/\/www.isabena.eu\/nl\/"},{"@type":"ListItem","position":2,"name":"Wanneer is de beste tijd om Is\u00e1bena te bezoeken? De ideale tijd voor een gezinsvakantie in de Pyrenee\u00ebn, weg van de toeristische drukte"}]},{"@type":"WebSite","@id":"https:\/\/www.isabena.eu\/nl\/#website","url":"https:\/\/www.isabena.eu\/nl\/","name":"Camping Is\u00e1bena","description":"Bienvenidos al Camping &amp; Bungalowpark Is\u00e1bena en La Puebla de Roda, en el sur de los Pirineos Centrales. Un camping acogedor con miles de actividades disponibles.","publisher":{"@id":"https:\/\/www.isabena.eu\/nl\/#organization"},"alternateName":"Camping Is\u00e1bena","potentialAction":[{"@type":"SearchAction","target":{"@type":"EntryPoint","urlTemplate":"https:\/\/www.isabena.eu\/nl\/?s={search_term_string}"},"query-input":{"@type":"PropertyValueSpecification","valueRequired":true,"valueName":"search_term_string"}}],"inLanguage":"nl-NL"},{"@type":"Organization","@id":"https:\/\/www.isabena.eu\/nl\/#organization","name":"Camping Is\u00e1bena","alternateName":"Camping Is\u00e1bena","url":"https:\/\/www.isabena.eu\/nl\/","logo":{"@type":"ImageObject","inLanguage":"nl-NL","@id":"https:\/\/www.isabena.eu\/nl\/#\/schema\/logo\/image\/","url":"https:\/\/www.isabena.eu\/wp-content\/uploads\/2023\/06\/Logo-Color-cuadrado.png","contentUrl":"https:\/\/www.isabena.eu\/wp-content\/uploads\/2023\/06\/Logo-Color-cuadrado.png","width":314,"height":314,"caption":"Camping Is\u00e1bena"},"image":{"@id":"https:\/\/www.isabena.eu\/nl\/#\/schema\/logo\/image\/"},"sameAs":["https:\/\/www.facebook.com\/Campingbungalparkisabena","https:\/\/x.com\/CampingIsbena","https:\/\/www.instagram.com\/camping_bungalowpark_isabena\/","https:\/\/www.youtube.com\/user\/CampingIsabena"]},{"@type":"Person","@id":"https:\/\/www.isabena.eu\/nl\/#\/schema\/person\/0dd617a764c41eb4457bf1534460da15","name":"Camping Isabena"}]}},"_links":{"self":[{"href":"https:\/\/www.isabena.eu\/nl\/wp-json\/wp\/v2\/posts\/23087","targetHints":{"allow":["GET"]}}],"collection":[{"href":"https:\/\/www.isabena.eu\/nl\/wp-json\/wp\/v2\/posts"}],"about":[{"href":"https:\/\/www.isabena.eu\/nl\/wp-json\/wp\/v2\/types\/post"}],"author":[{"embeddable":true,"href":"https:\/\/www.isabena.eu\/nl\/wp-json\/wp\/v2\/users\/4"}],"replies":[{"embeddable":true,"href":"https:\/\/www.isabena.eu\/nl\/wp-json\/wp\/v2\/comments?post=23087"}],"version-history":[{"count":1,"href":"https:\/\/www.isabena.eu\/nl\/wp-json\/wp\/v2\/posts\/23087\/revisions"}],"predecessor-version":[{"id":23089,"href":"https:\/\/www.isabena.eu\/nl\/wp-json\/wp\/v2\/posts\/23087\/revisions\/23089"}],"wp:featuredmedia":[{"embeddable":true,"href":"https:\/\/www.isabena.eu\/nl\/wp-json\/wp\/v2\/media\/22967"}],"wp:attachment":[{"href":"https:\/\/www.isabena.eu\/nl\/wp-json\/wp\/v2\/media?parent=23087"}],"wp:term":[{"taxonomy":"category","embeddable":true,"href":"https:\/\/www.isabena.eu\/nl\/wp-json\/wp\/v2\/categories?post=23087"},{"taxonomy":"post_tag","embeddable":true,"href":"https:\/\/www.isabena.eu\/nl\/wp-json\/wp\/v2\/tags?post=23087"}],"curies":[{"name":"wp","href":"https:\/\/api.w.org\/{rel}","templated":true}]}}