{"id":22930,"date":"2025-11-07T11:51:58","date_gmt":"2025-11-07T10:51:58","guid":{"rendered":"https:\/\/www.isabena.eu\/pirineos-en-navidad-los-mejores-planes-familiares-en-el-pirineo-aragones-cerca-del-valle-de-isabena\/"},"modified":"2026-01-09T13:26:18","modified_gmt":"2026-01-09T12:26:18","slug":"pirineos-en-navidad-los-mejores-planes-familiares-en-el-pirineo-aragones-cerca-del-valle-de-isabena","status":"publish","type":"post","link":"https:\/\/www.isabena.eu\/fr\/pirineos-en-navidad-los-mejores-planes-familiares-en-el-pirineo-aragones-cerca-del-valle-de-isabena\/","title":{"rendered":"Pyr\u00e9n\u00e9es \u00e0 No\u00ebl : les meilleures activit\u00e9s familiales dans les Pyr\u00e9n\u00e9es aragonaises, pr\u00e8s de la Vall\u00e9e d\u2019Is\u00e1bena"},"content":{"rendered":"\n<p>En d\u00e9cembre, les Pyr\u00e9n\u00e9es se transforment en un d\u00e9cor de conte de f\u00e9es. Les montagnes se couvrent de blanc, les villages allument leurs lumi\u00e8res et l\u2019ambiance de No\u00ebl se vit avec une magie particuli\u00e8re. Si vous cherchez une destination familiale pour les f\u00eates, la Vall\u00e9e d\u2019Is\u00e1bena est l\u2019un des meilleurs points de d\u00e9part pour profiter de No\u00ebl dans les Pyr\u00e9n\u00e9es avec des enfants, alliant nature, traditions et h\u00e9bergements confortables con\u00e7us pour le repos en famille.<\/p>\n\n\n\n<h2 class=\"wp-block-heading\"><strong>Villages de No\u00ebl pr\u00e8s de la Vall\u00e9e d\u2019Is\u00e1bena<\/strong><\/h2>\n\n\n\n<p>\u00c0 quelques kilom\u00e8tres du Camping Is\u00e1bena, certains des plus beaux villages des Pyr\u00e9n\u00e9es aragonaises se parent de d\u00e9corations de No\u00ebl :<br>\u2022&nbsp;<strong>A\u00ednsa<\/strong>, l\u2019un des plus beaux villages d\u2019Espagne, illumine sa Plaza Mayor avec une ambiance de march\u00e9 traditionnel, des lumi\u00e8res chaleureuses et des activit\u00e9s pour enfants.<br>\u2022&nbsp;<strong>Benasque<\/strong>&nbsp;est id\u00e9al pour se promener en famille entre de petites maisons en pierre et profiter de l\u2019esprit de No\u00ebl entour\u00e9 de neige et de montagnes.<br>\u2022&nbsp;<strong>Graus<\/strong>&nbsp;propose des march\u00e9s de No\u00ebl, des animations pour enfants et une gastronomie typique sur sa spectaculaire place \u00e0 arcades.<\/p>\n\n\n\n<p>Ces destinations sont parfaites pour des excursions diurnes avec les enfants et des apr\u00e8s-midis chocolat chaud avant de retourner \u00e0 votre h\u00e9bergement.<\/p>\n\n\n\n<figure class=\"wp-block-image size-large\"><img decoding=\"async\" width=\"1024\" height=\"459\" src=\"https:\/\/www.isabena.eu\/wp-content\/uploads\/2025\/11\/benasque-1024x459.png\" alt=\"\" class=\"wp-image-22572\" srcset=\"https:\/\/www.isabena.eu\/wp-content\/uploads\/2025\/11\/benasque-1024x459.png 1024w, https:\/\/www.isabena.eu\/wp-content\/uploads\/2025\/11\/benasque-300x134.png 300w, https:\/\/www.isabena.eu\/wp-content\/uploads\/2025\/11\/benasque-768x344.png 768w, https:\/\/www.isabena.eu\/wp-content\/uploads\/2025\/11\/benasque-1536x688.png 1536w, https:\/\/www.isabena.eu\/wp-content\/uploads\/2025\/11\/benasque-2048x917.png 2048w\" sizes=\"(max-width: 1024px) 100vw, 1024px\" \/><\/figure>\n\n\n\n<h2 class=\"wp-block-heading\">Cr\u00e8ches vivantes et traditions de No\u00ebl<\/h2>\n\n\n\n<p>Pendant No\u00ebl, plusieurs villages autour de la Vall\u00e9e d\u2019Is\u00e1bena organisent des cr\u00e8ches vivantes qui enchantent les enfants. Voir les habitants recr\u00e9er des sc\u00e8nes traditionnelles, animaux compris, est une mani\u00e8re amusante et \u00e9ducative de vivre les f\u00eates. De plus, de nombreux villages c\u00e9l\u00e8brent de petites cavalcades o\u00f9 les Rois Mages saluent de pr\u00e8s les plus petits.<\/p>\n\n\n\n<h2 class=\"wp-block-heading\">Neige et aventures pour toute la famille<\/h2>\n\n\n\n<p>Envie de neige ? \u00c0 proximit\u00e9 du camping se trouvent des stations comme\u00a0<strong>Cerler<\/strong>\u00a0et\u00a0<strong>Bo\u00ed Ta\u00fcll<\/strong>, parfaites pour initier les enfants au ski ou simplement profiter d\u2019une promenade en tra\u00eeneau, faire des bonhommes de neige ou exp\u00e9rimenter les raquettes sur des itin\u00e9raires s\u00fbrs. Il existe des zones sp\u00e9cialement con\u00e7ues pour les familles, avec des parcours faciles et des aires de jeux dans la neige.<\/p>\n\n\n\n<h2 class=\"wp-block-heading\"><strong>March\u00e9s et gastronomie typique \u00e0 partager en famille<\/strong><\/h2>\n\n\n\n<p>Les march\u00e9s de No\u00ebl des Pyr\u00e9n\u00e9es offrent des produits artisanaux, des douceurs traditionnelles comme les\u00a0<strong>tortas de alma<\/strong>ou les\u00a0<strong>turrons au miel<\/strong>, et des stands pour d\u00e9guster du bouillon chaud ou des\u00a0<strong>migas aragonaises<\/strong>. Une activit\u00e9 simple et parfaite pour profiter de No\u00ebl avec les enfants sans stress.<\/p>\n\n\n\n<h2 class=\"wp-block-heading\"><strong>H\u00e9bergement familial \u00e0 No\u00ebl : vivez la magie depuis un bungalow chauff\u00e9<\/strong><\/h2>\n\n\n\n<p>Apr\u00e8s une journ\u00e9e remplie d\u2019\u00e9motions, rien de mieux que de revenir dans un h\u00e9bergement chaud et confortable. Au\u00a0<strong>Camping Is\u00e1bena<\/strong>, les familles peuvent s\u00e9journer dans des bungalows chauff\u00e9s et enti\u00e8rement \u00e9quip\u00e9s, profitant d\u2019un cadre calme et s\u00e9curis\u00e9 en pleine nature. L\u2019emplacement est id\u00e9al pour parcourir les Pyr\u00e9n\u00e9es \u00e0 No\u00ebl sans longues distances, combinant confort, libert\u00e9 et ambiance familiale.<\/p>\n\n\n\n<p>\ud83c\udf84\u00a0<strong><a href=\"https:\/\/www.isabena.eu\">R\u00e9servez votre bungalow au Camping Is\u00e1bena et vivez un No\u00ebl en famille entour\u00e9 de montagnes, de neige et de villages pleins de magie.<\/a><\/strong><\/p>\n\n\n\n<p><\/p>\n","protected":false},"excerpt":{"rendered":"<p>En d\u00e9cembre, les Pyr\u00e9n\u00e9es se transforment en un d\u00e9cor de conte de f\u00e9es. Les montagnes se couvrent de blanc, les villages allument leurs lumi\u00e8res et l\u2019ambiance de No\u00ebl se vit avec une magie particuli\u00e8re. Si vous cherchez une destination familiale pour les f\u00eates, la Vall\u00e9e d\u2019Is\u00e1bena est l\u2019un des meilleurs points de d\u00e9part pour profiter&#8230; <a class=\"excerpt-read-more\" href=\"https:\/\/www.isabena.eu\/fr\/pirineos-en-navidad-los-mejores-planes-familiares-en-el-pirineo-aragones-cerca-del-valle-de-isabena\/\" title=\"LirePyr\u00e9n\u00e9es \u00e0 No\u00ebl : les meilleures activit\u00e9s familiales dans les Pyr\u00e9n\u00e9es aragonaises, pr\u00e8s de la Vall\u00e9e d\u2019Is\u00e1bena\">Lire la suite &raquo;<\/a><\/p>\n","protected":false},"author":4,"featured_media":22570,"comment_status":"closed","ping_status":"closed","sticky":false,"template":"","format":"standard","meta":{"_acf_changed":false,"_joinchat":[],"footnotes":""},"categories":[307],"tags":[],"class_list":["post-22930","post","type-post","status-publish","format-standard","has-post-thumbnail","hentry","category-bungalowpark-fr"],"acf":[],"yoast_head":"<!-- This site is optimized with the Yoast SEO plugin v24.7 - https:\/\/yoast.com\/wordpress\/plugins\/seo\/ -->\n<title>Pyr\u00e9n\u00e9es \u00e0 No\u00ebl : activit\u00e9s familiales pr\u00e8s de la Vall\u00e9e d\u2019Is\u00e1bena<\/title>\n<meta name=\"description\" content=\"D\u00e9couvrez les meilleures activit\u00e9s pour vivre No\u00ebl dans les Pyr\u00e9n\u00e9es avec des enfants : villages magiques, neige, cr\u00e8ches vivantes et h\u00e9bergements familiaux dans la Vall\u00e9e d\u2019Is\u00e1bena.\" \/>\n<meta name=\"robots\" content=\"index, follow, max-snippet:-1, max-image-preview:large, max-video-preview:-1\" \/>\n<link rel=\"canonical\" href=\"https:\/\/www.isabena.eu\/fr\/pirineos-en-navidad-los-mejores-planes-familiares-en-el-pirineo-aragones-cerca-del-valle-de-isabena\/\" \/>\n<meta property=\"og:locale\" content=\"fr_FR\" \/>\n<meta property=\"og:type\" content=\"article\" \/>\n<meta property=\"og:title\" content=\"Pyr\u00e9n\u00e9es \u00e0 No\u00ebl : activit\u00e9s familiales pr\u00e8s de la Vall\u00e9e d\u2019Is\u00e1bena\" \/>\n<meta property=\"og:description\" content=\"D\u00e9couvrez les meilleures activit\u00e9s pour vivre No\u00ebl dans les Pyr\u00e9n\u00e9es avec des enfants : villages magiques, neige, cr\u00e8ches vivantes et h\u00e9bergements familiaux dans la Vall\u00e9e d\u2019Is\u00e1bena.\" \/>\n<meta property=\"og:url\" content=\"https:\/\/www.isabena.eu\/fr\/pirineos-en-navidad-los-mejores-planes-familiares-en-el-pirineo-aragones-cerca-del-valle-de-isabena\/\" \/>\n<meta property=\"og:site_name\" content=\"Camping Is\u00e1bena\" \/>\n<meta property=\"article:publisher\" content=\"https:\/\/www.facebook.com\/Campingbungalparkisabena\" \/>\n<meta property=\"article:published_time\" content=\"2025-11-07T10:51:58+00:00\" \/>\n<meta property=\"article:modified_time\" content=\"2026-01-09T12:26:18+00:00\" \/>\n<meta property=\"og:image\" content=\"https:\/\/www.isabena.eu\/wp-content\/uploads\/2025\/11\/descubre-ainsa-uno-pueblos-mas-bonitos-huesca_69.jpg\" \/>\n\t<meta property=\"og:image:width\" content=\"1280\" \/>\n\t<meta property=\"og:image:height\" content=\"720\" \/>\n\t<meta property=\"og:image:type\" content=\"image\/jpeg\" \/>\n<meta name=\"author\" content=\"Camping Isabena\" \/>\n<meta name=\"twitter:card\" content=\"summary_large_image\" \/>\n<meta name=\"twitter:creator\" content=\"@CampingIsbena\" \/>\n<meta name=\"twitter:site\" content=\"@CampingIsbena\" \/>\n<meta name=\"twitter:label1\" content=\"\u00c9crit par\" \/>\n\t<meta name=\"twitter:data1\" content=\"Camping Isabena\" \/>\n\t<meta name=\"twitter:label2\" content=\"Dur\u00e9e de lecture estim\u00e9e\" \/>\n\t<meta name=\"twitter:data2\" content=\"3 minutes\" \/>\n<!-- \/ Yoast SEO plugin. -->","yoast_head_json":{"title":"Pyr\u00e9n\u00e9es \u00e0 No\u00ebl : activit\u00e9s familiales pr\u00e8s de la Vall\u00e9e d\u2019Is\u00e1bena","description":"D\u00e9couvrez les meilleures activit\u00e9s pour vivre No\u00ebl dans les Pyr\u00e9n\u00e9es avec des enfants : villages magiques, neige, cr\u00e8ches vivantes et h\u00e9bergements familiaux dans la Vall\u00e9e d\u2019Is\u00e1bena.","robots":{"index":"index","follow":"follow","max-snippet":"max-snippet:-1","max-image-preview":"max-image-preview:large","max-video-preview":"max-video-preview:-1"},"canonical":"https:\/\/www.isabena.eu\/fr\/pirineos-en-navidad-los-mejores-planes-familiares-en-el-pirineo-aragones-cerca-del-valle-de-isabena\/","og_locale":"fr_FR","og_type":"article","og_title":"Pyr\u00e9n\u00e9es \u00e0 No\u00ebl : activit\u00e9s familiales pr\u00e8s de la Vall\u00e9e d\u2019Is\u00e1bena","og_description":"D\u00e9couvrez les meilleures activit\u00e9s pour vivre No\u00ebl dans les Pyr\u00e9n\u00e9es avec des enfants : villages magiques, neige, cr\u00e8ches vivantes et h\u00e9bergements familiaux dans la Vall\u00e9e d\u2019Is\u00e1bena.","og_url":"https:\/\/www.isabena.eu\/fr\/pirineos-en-navidad-los-mejores-planes-familiares-en-el-pirineo-aragones-cerca-del-valle-de-isabena\/","og_site_name":"Camping Is\u00e1bena","article_publisher":"https:\/\/www.facebook.com\/Campingbungalparkisabena","article_published_time":"2025-11-07T10:51:58+00:00","article_modified_time":"2026-01-09T12:26:18+00:00","og_image":[{"width":1280,"height":720,"url":"https:\/\/www.isabena.eu\/wp-content\/uploads\/2025\/11\/descubre-ainsa-uno-pueblos-mas-bonitos-huesca_69.jpg","type":"image\/jpeg"}],"author":"Camping Isabena","twitter_card":"summary_large_image","twitter_creator":"@CampingIsbena","twitter_site":"@CampingIsbena","twitter_misc":{"\u00c9crit par":"Camping Isabena","Dur\u00e9e de lecture estim\u00e9e":"3 minutes"},"schema":{"@context":"https:\/\/schema.org","@graph":[{"@type":"Article","@id":"https:\/\/www.isabena.eu\/fr\/pirineos-en-navidad-los-mejores-planes-familiares-en-el-pirineo-aragones-cerca-del-valle-de-isabena\/#article","isPartOf":{"@id":"https:\/\/www.isabena.eu\/fr\/pirineos-en-navidad-los-mejores-planes-familiares-en-el-pirineo-aragones-cerca-del-valle-de-isabena\/"},"author":{"name":"Camping Isabena","@id":"https:\/\/www.isabena.eu\/fr\/#\/schema\/person\/0dd617a764c41eb4457bf1534460da15"},"headline":"Pyr\u00e9n\u00e9es \u00e0 No\u00ebl : les meilleures activit\u00e9s familiales dans les Pyr\u00e9n\u00e9es aragonaises, pr\u00e8s de la Vall\u00e9e d\u2019Is\u00e1bena","datePublished":"2025-11-07T10:51:58+00:00","dateModified":"2026-01-09T12:26:18+00:00","mainEntityOfPage":{"@id":"https:\/\/www.isabena.eu\/fr\/pirineos-en-navidad-los-mejores-planes-familiares-en-el-pirineo-aragones-cerca-del-valle-de-isabena\/"},"wordCount":592,"publisher":{"@id":"https:\/\/www.isabena.eu\/fr\/#organization"},"image":{"@id":"https:\/\/www.isabena.eu\/fr\/pirineos-en-navidad-los-mejores-planes-familiares-en-el-pirineo-aragones-cerca-del-valle-de-isabena\/#primaryimage"},"thumbnailUrl":"https:\/\/www.isabena.eu\/wp-content\/uploads\/2025\/11\/descubre-ainsa-uno-pueblos-mas-bonitos-huesca_69.jpg","articleSection":["BungalowPark"],"inLanguage":"fr-FR"},{"@type":"WebPage","@id":"https:\/\/www.isabena.eu\/fr\/pirineos-en-navidad-los-mejores-planes-familiares-en-el-pirineo-aragones-cerca-del-valle-de-isabena\/","url":"https:\/\/www.isabena.eu\/fr\/pirineos-en-navidad-los-mejores-planes-familiares-en-el-pirineo-aragones-cerca-del-valle-de-isabena\/","name":"Pyr\u00e9n\u00e9es \u00e0 No\u00ebl : activit\u00e9s familiales pr\u00e8s de la Vall\u00e9e d\u2019Is\u00e1bena","isPartOf":{"@id":"https:\/\/www.isabena.eu\/fr\/#website"},"primaryImageOfPage":{"@id":"https:\/\/www.isabena.eu\/fr\/pirineos-en-navidad-los-mejores-planes-familiares-en-el-pirineo-aragones-cerca-del-valle-de-isabena\/#primaryimage"},"image":{"@id":"https:\/\/www.isabena.eu\/fr\/pirineos-en-navidad-los-mejores-planes-familiares-en-el-pirineo-aragones-cerca-del-valle-de-isabena\/#primaryimage"},"thumbnailUrl":"https:\/\/www.isabena.eu\/wp-content\/uploads\/2025\/11\/descubre-ainsa-uno-pueblos-mas-bonitos-huesca_69.jpg","datePublished":"2025-11-07T10:51:58+00:00","dateModified":"2026-01-09T12:26:18+00:00","description":"D\u00e9couvrez les meilleures activit\u00e9s pour vivre No\u00ebl dans les Pyr\u00e9n\u00e9es avec des enfants : villages magiques, neige, cr\u00e8ches vivantes et h\u00e9bergements familiaux dans la Vall\u00e9e d\u2019Is\u00e1bena.","breadcrumb":{"@id":"https:\/\/www.isabena.eu\/fr\/pirineos-en-navidad-los-mejores-planes-familiares-en-el-pirineo-aragones-cerca-del-valle-de-isabena\/#breadcrumb"},"inLanguage":"fr-FR","potentialAction":[{"@type":"ReadAction","target":["https:\/\/www.isabena.eu\/fr\/pirineos-en-navidad-los-mejores-planes-familiares-en-el-pirineo-aragones-cerca-del-valle-de-isabena\/"]}]},{"@type":"ImageObject","inLanguage":"fr-FR","@id":"https:\/\/www.isabena.eu\/fr\/pirineos-en-navidad-los-mejores-planes-familiares-en-el-pirineo-aragones-cerca-del-valle-de-isabena\/#primaryimage","url":"https:\/\/www.isabena.eu\/wp-content\/uploads\/2025\/11\/descubre-ainsa-uno-pueblos-mas-bonitos-huesca_69.jpg","contentUrl":"https:\/\/www.isabena.eu\/wp-content\/uploads\/2025\/11\/descubre-ainsa-uno-pueblos-mas-bonitos-huesca_69.jpg","width":1280,"height":720,"caption":"Ainsa"},{"@type":"BreadcrumbList","@id":"https:\/\/www.isabena.eu\/fr\/pirineos-en-navidad-los-mejores-planes-familiares-en-el-pirineo-aragones-cerca-del-valle-de-isabena\/#breadcrumb","itemListElement":[{"@type":"ListItem","position":1,"name":"Home","item":"https:\/\/www.isabena.eu\/fr\/"},{"@type":"ListItem","position":2,"name":"Pyr\u00e9n\u00e9es \u00e0 No\u00ebl : les meilleures activit\u00e9s familiales dans les Pyr\u00e9n\u00e9es aragonaises, pr\u00e8s de la Vall\u00e9e d\u2019Is\u00e1bena"}]},{"@type":"WebSite","@id":"https:\/\/www.isabena.eu\/fr\/#website","url":"https:\/\/www.isabena.eu\/fr\/","name":"Camping Is\u00e1bena","description":"Bienvenidos al Camping &amp; Bungalowpark Is\u00e1bena en La Puebla de Roda, en el sur de los Pirineos Centrales. Un camping acogedor con miles de actividades disponibles.","publisher":{"@id":"https:\/\/www.isabena.eu\/fr\/#organization"},"alternateName":"Camping Is\u00e1bena","potentialAction":[{"@type":"SearchAction","target":{"@type":"EntryPoint","urlTemplate":"https:\/\/www.isabena.eu\/fr\/?s={search_term_string}"},"query-input":{"@type":"PropertyValueSpecification","valueRequired":true,"valueName":"search_term_string"}}],"inLanguage":"fr-FR"},{"@type":"Organization","@id":"https:\/\/www.isabena.eu\/fr\/#organization","name":"Camping Is\u00e1bena","alternateName":"Camping Is\u00e1bena","url":"https:\/\/www.isabena.eu\/fr\/","logo":{"@type":"ImageObject","inLanguage":"fr-FR","@id":"https:\/\/www.isabena.eu\/fr\/#\/schema\/logo\/image\/","url":"https:\/\/www.isabena.eu\/wp-content\/uploads\/2023\/06\/Logo-Color-cuadrado.png","contentUrl":"https:\/\/www.isabena.eu\/wp-content\/uploads\/2023\/06\/Logo-Color-cuadrado.png","width":314,"height":314,"caption":"Camping Is\u00e1bena"},"image":{"@id":"https:\/\/www.isabena.eu\/fr\/#\/schema\/logo\/image\/"},"sameAs":["https:\/\/www.facebook.com\/Campingbungalparkisabena","https:\/\/x.com\/CampingIsbena","https:\/\/www.instagram.com\/camping_bungalowpark_isabena\/","https:\/\/www.youtube.com\/user\/CampingIsabena"]},{"@type":"Person","@id":"https:\/\/www.isabena.eu\/fr\/#\/schema\/person\/0dd617a764c41eb4457bf1534460da15","name":"Camping Isabena"}]}},"_links":{"self":[{"href":"https:\/\/www.isabena.eu\/fr\/wp-json\/wp\/v2\/posts\/22930","targetHints":{"allow":["GET"]}}],"collection":[{"href":"https:\/\/www.isabena.eu\/fr\/wp-json\/wp\/v2\/posts"}],"about":[{"href":"https:\/\/www.isabena.eu\/fr\/wp-json\/wp\/v2\/types\/post"}],"author":[{"embeddable":true,"href":"https:\/\/www.isabena.eu\/fr\/wp-json\/wp\/v2\/users\/4"}],"replies":[{"embeddable":true,"href":"https:\/\/www.isabena.eu\/fr\/wp-json\/wp\/v2\/comments?post=22930"}],"version-history":[{"count":1,"href":"https:\/\/www.isabena.eu\/fr\/wp-json\/wp\/v2\/posts\/22930\/revisions"}],"predecessor-version":[{"id":22932,"href":"https:\/\/www.isabena.eu\/fr\/wp-json\/wp\/v2\/posts\/22930\/revisions\/22932"}],"wp:featuredmedia":[{"embeddable":true,"href":"https:\/\/www.isabena.eu\/fr\/wp-json\/wp\/v2\/media\/22570"}],"wp:attachment":[{"href":"https:\/\/www.isabena.eu\/fr\/wp-json\/wp\/v2\/media?parent=22930"}],"wp:term":[{"taxonomy":"category","embeddable":true,"href":"https:\/\/www.isabena.eu\/fr\/wp-json\/wp\/v2\/categories?post=22930"},{"taxonomy":"post_tag","embeddable":true,"href":"https:\/\/www.isabena.eu\/fr\/wp-json\/wp\/v2\/tags?post=22930"}],"curies":[{"name":"wp","href":"https:\/\/api.w.org\/{rel}","templated":true}]}}