{"id":23090,"date":"2026-01-14T13:39:26","date_gmt":"2026-01-14T12:39:26","guid":{"rendered":"https:\/\/www.isabena.eu\/reserva-ahora-para-2026-ventajas-exclusivas-al-reservar-tu-camping-en-espana-2\/"},"modified":"2026-01-26T09:03:24","modified_gmt":"2026-01-26T08:03:24","slug":"wann-ist-die-beste-reisezeit-fuer-isabena-die-ideale-zeit-fuer-einen-familienurlaub-in-den-pyrenaeen-abseits-der-touristenmassen","status":"publish","type":"post","link":"https:\/\/www.isabena.eu\/de\/wann-ist-die-beste-reisezeit-fuer-isabena-die-ideale-zeit-fuer-einen-familienurlaub-in-den-pyrenaeen-abseits-der-touristenmassen\/","title":{"rendered":"Wann ist die beste Reisezeit f\u00fcr Is\u00e1bena? Die ideale Zeit f\u00fcr einen Familienurlaub in den Pyren\u00e4en abseits der Touristenmassen"},"content":{"rendered":"\n<p>Wenn Sie einen Familienurlaub in den spanischen Pyren\u00e4en planen, fragen Sie sich sicher: Wann ist die beste Reisezeit f\u00fcr die spanischen Pyren\u00e4en? Die Antwort h\u00e4ngt von Ihren Vorlieben ab: Ruhe, Naturwanderwege, Familienaktivit\u00e4ten oder l\u00e4ndlicher Tourismus. In diesem Artikel helfen wir Ihnen bei der Planung Ihrer Reise, damit Sie Ihren Aufenthalt optimal nutzen, den Touristenmassen entfliehen und die Landschaft in ihrer ganzen Sch\u00f6nheit genie\u00dfen k\u00f6nnen.<\/p>\n\n\n\n<h2 class=\"wp-block-heading\">Fr\u00fchling in den Pyren\u00e4en: Natur in voller Bl\u00fcte&nbsp;\ud83c\udf38<\/h2>\n\n\n\n<p>Der Fr\u00fchling ist eine der besten Reisezeiten f\u00fcr Is\u00e1bena und die spanischen Pyren\u00e4en.<\/p>\n\n\n\n<p>\u2022 Milde, angenehme Temperaturen \u2013 perfekt f\u00fcr familienfreundliche Wanderungen.<\/p>\n\n\n\n<p>\u2022 Die Natur erwacht: Fl\u00fcsse, Wasserf\u00e4lle und W\u00e4lder bieten atemberaubende Landschaften.<\/p>\n\n\n\n<p>Weniger Touristen als im Sommer \u2013 f\u00fcr einen erholsamen Urlaub in den Pyren\u00e4en.<\/p>\n\n\n\n<p>Wenn Sie im Fr\u00fchling l\u00e4ndlichen Tourismus in den Pyren\u00e4en suchen, ist dies die perfekte Jahreszeit, um Wandern, regionale K\u00fcche und Outdoor-Aktivit\u00e4ten ohne Menschenmassen zu kombinieren.<\/p>\n\n\n\n<figure class=\"wp-block-image size-large\"><img decoding=\"async\" width=\"1024\" height=\"767\" src=\"https:\/\/www.isabena.eu\/wp-content\/uploads\/2026\/01\/roda-de-isabena_7e4d936c_250303164710_1280x959-1024x767.webp\" alt=\"\" class=\"wp-image-22976\" srcset=\"https:\/\/www.isabena.eu\/wp-content\/uploads\/2026\/01\/roda-de-isabena_7e4d936c_250303164710_1280x959-1024x767.webp 1024w, https:\/\/www.isabena.eu\/wp-content\/uploads\/2026\/01\/roda-de-isabena_7e4d936c_250303164710_1280x959-300x225.webp 300w, https:\/\/www.isabena.eu\/wp-content\/uploads\/2026\/01\/roda-de-isabena_7e4d936c_250303164710_1280x959-768x575.webp 768w, https:\/\/www.isabena.eu\/wp-content\/uploads\/2026\/01\/roda-de-isabena_7e4d936c_250303164710_1280x959.webp 1280w\" sizes=\"(max-width: 1024px) 100vw, 1024px\" \/><\/figure>\n\n\n\n<h2 class=\"wp-block-heading\">Sommer: Sonne und Familienspa\u00df\u00a0\u2600\ufe0f<\/h2>\n\n\n\n<p>Der Sommer ist ideal f\u00fcr Familienaktivit\u00e4ten, aber auch die Hauptsaison.<\/p>\n\n\n\n<p>\u2022 Perfekt zum Campen mit Pools, Abenteuersport und gef\u00fchrten Touren.<\/p>\n\n\n\n<p>\u2022 Buchen Sie fr\u00fchzeitig, um die besten Stellpl\u00e4tze und Unterk\u00fcnfte zu sichern.<\/p>\n\n\n\n<p>\u2022 Trotz mehr Touristen l\u00e4dt das warme Wetter zu Ausfl\u00fcgen und Outdoor-Aktivit\u00e4ten ein.<\/p>\n\n\n\n<p>Um den Menschenmassen zu entgehen, erkunden Sie weniger bekannte D\u00f6rfer in der N\u00e4he oder l\u00e4ndliche Gebiete im Is\u00e1bena-Tal.<\/p>\n\n\n\n<h2 class=\"wp-block-heading\">Herbst in den Pyren\u00e4en: Ruhe und Farbenpracht\u00a0\ud83c\udf3e\ud83c\udf41<\/h2>\n\n\n\n<p>Der Herbst ist eine der sch\u00f6nsten Zeiten f\u00fcr einen Besuch der spanischen Pyren\u00e4en:<\/p>\n\n\n\n<p>\u2022 W\u00e4lder in Orange- und Rott\u00f6nen \u2013 perfekt zum Fotografieren und Wandern.<\/p>\n\n\n\n<p>\u2022 Weniger Touristen, ideal f\u00fcr einen erholsamen Urlaub in den Pyren\u00e4en.<\/p>\n\n\n\n<p>\u2022 Angenehmes Wetter und viele Familienaktivit\u00e4ten.<\/p>\n\n\n\n<p>Wenn Sie im Herbst l\u00e4ndliche Idylle lieben, ist jetzt die perfekte Zeit, um die regionale K\u00fcche, Naturpfade und Entspannung mit Ihrer Familie zu genie\u00dfen.<\/p>\n\n\n\n<h2 class=\"wp-block-heading\">Winter: Schnee und Spa\u00df\u00a0\u26f7\u2744\ufe0f<\/h2>\n\n\n\n<p>Der Winter ist Schneezeit im Hochland \u2013 ideal, um einen Familienurlaub in den Pyren\u00e4en mit Wintersport zu verbinden.<\/p>\n\n\n\n<p>\u2022 Schneesportarten wie Skifahren, Rodeln oder Schneeschuhwandern.<\/p>\n\n\n\n<p>\u2022 Weniger Touristen als in gro\u00dfen Skigebieten \u2013 perfekt f\u00fcr alle, die Ruhe suchen.<\/p>\n\n\n\n<p>\u2022 Gem\u00fctliche Unterk\u00fcnfte auf dem Land im Is\u00e1bena-Tal.<\/p>\n\n\n\n<h2 class=\"wp-block-heading\">Abschlie\u00dfende Tipps f\u00fcr Ihren Besuch in Is\u00e1bena\u00a0\ud83d\udcc5<\/h2>\n\n\n\n<p>1. Vermeiden Sie die Hauptsaison, wenn Sie Ruhe suchen: Ostern und August sind die besucherst\u00e4rksten Monate.<\/p>\n\n\n\n<p>2. Buchen Sie Ihre Unterkunft im Fr\u00fchling und Sommer fr\u00fchzeitig, um sich die besten Stellpl\u00e4tze und Unterk\u00fcnfte sich zu sichern.<\/p>\n\n\n\n<p>3. Informieren Sie sich \u00fcber saisonale Aktivit\u00e4ten: Wandern, Angeln, Radfahren, regionale K\u00fcche oder Wintersport.<\/p>\n\n\n\n<p>4. Denken Sie an Ihre Familie: W\u00e4hlen Sie Jahreszeiten mit angenehmem Wetter und kinderfreundlichen Wegen.<\/p>\n\n\n\n<p>Wenn Sie Ihre Reise entsprechend der besten Reisezeit f\u00fcr die spanischen Pyren\u00e4en planen, k\u00f6nnen Sie unvergessliche Familienferien mit l\u00e4ndlichem Tourismus, Natur und Ruhe genie\u00dfen, den Massen entfliehen und jede Jahreszeit optimal nutzen.<\/p>\n\n\n\n<p>\ud83d\udccd\u00a0Mehr erfahren und buchen:<a href=\"https:\/\/www.isabena.eu\"> Camping Is\u00e1bena<\/a><\/p>\n","protected":false},"excerpt":{"rendered":"<p>Wenn Sie einen Familienurlaub in den spanischen Pyren\u00e4en planen, fragen Sie sich sicher: Wann ist die beste Reisezeit f\u00fcr die spanischen Pyren\u00e4en? Die Antwort h\u00e4ngt von Ihren Vorlieben ab: Ruhe, Naturwanderwege, Familienaktivit\u00e4ten oder l\u00e4ndlicher Tourismus. In diesem Artikel helfen wir Ihnen bei der Planung Ihrer Reise, damit Sie Ihren Aufenthalt optimal nutzen, den Touristenmassen entfliehen&#8230; <a class=\"excerpt-read-more\" href=\"https:\/\/www.isabena.eu\/de\/wann-ist-die-beste-reisezeit-fuer-isabena-die-ideale-zeit-fuer-einen-familienurlaub-in-den-pyrenaeen-abseits-der-touristenmassen\/\" title=\"Read Wann ist die beste Reisezeit f\u00fcr Is\u00e1bena? Die ideale Zeit f\u00fcr einen Familienurlaub in den Pyren\u00e4en abseits der Touristenmassen\">Weiter &raquo;<\/a><\/p>\n","protected":false},"author":4,"featured_media":22970,"comment_status":"closed","ping_status":"closed","sticky":false,"template":"","format":"standard","meta":{"_acf_changed":false,"_joinchat":[],"footnotes":""},"categories":[306],"tags":[],"class_list":["post-23090","post","type-post","status-publish","format-standard","has-post-thumbnail","hentry","category-bungalowpark-de"],"acf":[],"yoast_head":"<!-- This site is optimized with the Yoast SEO plugin v24.7 - https:\/\/yoast.com\/wordpress\/plugins\/seo\/ -->\n<title>Wann ist die beste Reisezeit f\u00fcr die aragonesischen Pyren\u00e4en: Die beste Zeit f\u00fcr Familienurlaube in Is\u00e1bena<\/title>\n<meta name=\"description\" content=\"Entdecken Sie die beste Reisezeit f\u00fcr die aragonesischen Pyren\u00e4en und planen Sie Ihren Familienurlaub in Is\u00e1bena. Ob Fr\u00fchling, Sommer, Herbst oder Winter \u2013 genie\u00dfen Sie die Region abseits der Touristenmassen\" \/>\n<meta name=\"robots\" content=\"index, follow, max-snippet:-1, max-image-preview:large, max-video-preview:-1\" \/>\n<link rel=\"canonical\" href=\"https:\/\/www.isabena.eu\/de\/wann-ist-die-beste-reisezeit-fuer-isabena-die-ideale-zeit-fuer-einen-familienurlaub-in-den-pyrenaeen-abseits-der-touristenmassen\/\" \/>\n<meta property=\"og:locale\" content=\"de_DE\" \/>\n<meta property=\"og:type\" content=\"article\" \/>\n<meta property=\"og:title\" content=\"Wann ist die beste Reisezeit f\u00fcr die aragonesischen Pyren\u00e4en: Die beste Zeit f\u00fcr Familienurlaube in Is\u00e1bena\" \/>\n<meta property=\"og:description\" content=\"Entdecken Sie die beste Reisezeit f\u00fcr die aragonesischen Pyren\u00e4en und planen Sie Ihren Familienurlaub in Is\u00e1bena. Ob Fr\u00fchling, Sommer, Herbst oder Winter \u2013 genie\u00dfen Sie die Region abseits der Touristenmassen\" \/>\n<meta property=\"og:url\" content=\"https:\/\/www.isabena.eu\/de\/wann-ist-die-beste-reisezeit-fuer-isabena-die-ideale-zeit-fuer-einen-familienurlaub-in-den-pyrenaeen-abseits-der-touristenmassen\/\" \/>\n<meta property=\"og:site_name\" content=\"Camping Is\u00e1bena\" \/>\n<meta property=\"article:publisher\" content=\"https:\/\/www.facebook.com\/Campingbungalparkisabena\" \/>\n<meta property=\"article:published_time\" content=\"2026-01-14T12:39:26+00:00\" \/>\n<meta property=\"article:modified_time\" content=\"2026-01-26T08:03:24+00:00\" \/>\n<meta property=\"og:image\" content=\"https:\/\/www.isabena.eu\/wp-content\/uploads\/2026\/01\/roda_de_isabena_1.jpg\" \/>\n\t<meta property=\"og:image:width\" content=\"1000\" \/>\n\t<meta property=\"og:image:height\" content=\"620\" \/>\n\t<meta property=\"og:image:type\" content=\"image\/jpeg\" \/>\n<meta name=\"author\" content=\"Camping Isabena\" \/>\n<meta name=\"twitter:card\" content=\"summary_large_image\" \/>\n<meta name=\"twitter:creator\" content=\"@CampingIsbena\" \/>\n<meta name=\"twitter:site\" content=\"@CampingIsbena\" \/>\n<meta name=\"twitter:label1\" content=\"Verfasst von\" \/>\n\t<meta name=\"twitter:data1\" content=\"Camping Isabena\" \/>\n\t<meta name=\"twitter:label2\" content=\"Gesch\u00e4tzte Lesezeit\" \/>\n\t<meta name=\"twitter:data2\" content=\"3\u00a0Minuten\" \/>\n<!-- \/ Yoast SEO plugin. -->","yoast_head_json":{"title":"Wann ist die beste Reisezeit f\u00fcr die aragonesischen Pyren\u00e4en: Die beste Zeit f\u00fcr Familienurlaube in Is\u00e1bena","description":"Entdecken Sie die beste Reisezeit f\u00fcr die aragonesischen Pyren\u00e4en und planen Sie Ihren Familienurlaub in Is\u00e1bena. Ob Fr\u00fchling, Sommer, Herbst oder Winter \u2013 genie\u00dfen Sie die Region abseits der Touristenmassen","robots":{"index":"index","follow":"follow","max-snippet":"max-snippet:-1","max-image-preview":"max-image-preview:large","max-video-preview":"max-video-preview:-1"},"canonical":"https:\/\/www.isabena.eu\/de\/wann-ist-die-beste-reisezeit-fuer-isabena-die-ideale-zeit-fuer-einen-familienurlaub-in-den-pyrenaeen-abseits-der-touristenmassen\/","og_locale":"de_DE","og_type":"article","og_title":"Wann ist die beste Reisezeit f\u00fcr die aragonesischen Pyren\u00e4en: Die beste Zeit f\u00fcr Familienurlaube in Is\u00e1bena","og_description":"Entdecken Sie die beste Reisezeit f\u00fcr die aragonesischen Pyren\u00e4en und planen Sie Ihren Familienurlaub in Is\u00e1bena. Ob Fr\u00fchling, Sommer, Herbst oder Winter \u2013 genie\u00dfen Sie die Region abseits der Touristenmassen","og_url":"https:\/\/www.isabena.eu\/de\/wann-ist-die-beste-reisezeit-fuer-isabena-die-ideale-zeit-fuer-einen-familienurlaub-in-den-pyrenaeen-abseits-der-touristenmassen\/","og_site_name":"Camping Is\u00e1bena","article_publisher":"https:\/\/www.facebook.com\/Campingbungalparkisabena","article_published_time":"2026-01-14T12:39:26+00:00","article_modified_time":"2026-01-26T08:03:24+00:00","og_image":[{"width":1000,"height":620,"url":"https:\/\/www.isabena.eu\/wp-content\/uploads\/2026\/01\/roda_de_isabena_1.jpg","type":"image\/jpeg"}],"author":"Camping Isabena","twitter_card":"summary_large_image","twitter_creator":"@CampingIsbena","twitter_site":"@CampingIsbena","twitter_misc":{"Verfasst von":"Camping Isabena","Gesch\u00e4tzte Lesezeit":"3\u00a0Minuten"},"schema":{"@context":"https:\/\/schema.org","@graph":[{"@type":"Article","@id":"https:\/\/www.isabena.eu\/de\/wann-ist-die-beste-reisezeit-fuer-isabena-die-ideale-zeit-fuer-einen-familienurlaub-in-den-pyrenaeen-abseits-der-touristenmassen\/#article","isPartOf":{"@id":"https:\/\/www.isabena.eu\/de\/wann-ist-die-beste-reisezeit-fuer-isabena-die-ideale-zeit-fuer-einen-familienurlaub-in-den-pyrenaeen-abseits-der-touristenmassen\/"},"author":{"name":"Camping Isabena","@id":"https:\/\/www.isabena.eu\/de\/#\/schema\/person\/0dd617a764c41eb4457bf1534460da15"},"headline":"Wann ist die beste Reisezeit f\u00fcr Is\u00e1bena? Die ideale Zeit f\u00fcr einen Familienurlaub in den Pyren\u00e4en abseits der Touristenmassen","datePublished":"2026-01-14T12:39:26+00:00","dateModified":"2026-01-26T08:03:24+00:00","mainEntityOfPage":{"@id":"https:\/\/www.isabena.eu\/de\/wann-ist-die-beste-reisezeit-fuer-isabena-die-ideale-zeit-fuer-einen-familienurlaub-in-den-pyrenaeen-abseits-der-touristenmassen\/"},"wordCount":523,"publisher":{"@id":"https:\/\/www.isabena.eu\/de\/#organization"},"image":{"@id":"https:\/\/www.isabena.eu\/de\/wann-ist-die-beste-reisezeit-fuer-isabena-die-ideale-zeit-fuer-einen-familienurlaub-in-den-pyrenaeen-abseits-der-touristenmassen\/#primaryimage"},"thumbnailUrl":"https:\/\/www.isabena.eu\/wp-content\/uploads\/2026\/01\/roda_de_isabena_1.jpg","articleSection":["BungalowPark"],"inLanguage":"de"},{"@type":"WebPage","@id":"https:\/\/www.isabena.eu\/de\/wann-ist-die-beste-reisezeit-fuer-isabena-die-ideale-zeit-fuer-einen-familienurlaub-in-den-pyrenaeen-abseits-der-touristenmassen\/","url":"https:\/\/www.isabena.eu\/de\/wann-ist-die-beste-reisezeit-fuer-isabena-die-ideale-zeit-fuer-einen-familienurlaub-in-den-pyrenaeen-abseits-der-touristenmassen\/","name":"Wann ist die beste Reisezeit f\u00fcr die aragonesischen Pyren\u00e4en: Die beste Zeit f\u00fcr Familienurlaube in Is\u00e1bena","isPartOf":{"@id":"https:\/\/www.isabena.eu\/de\/#website"},"primaryImageOfPage":{"@id":"https:\/\/www.isabena.eu\/de\/wann-ist-die-beste-reisezeit-fuer-isabena-die-ideale-zeit-fuer-einen-familienurlaub-in-den-pyrenaeen-abseits-der-touristenmassen\/#primaryimage"},"image":{"@id":"https:\/\/www.isabena.eu\/de\/wann-ist-die-beste-reisezeit-fuer-isabena-die-ideale-zeit-fuer-einen-familienurlaub-in-den-pyrenaeen-abseits-der-touristenmassen\/#primaryimage"},"thumbnailUrl":"https:\/\/www.isabena.eu\/wp-content\/uploads\/2026\/01\/roda_de_isabena_1.jpg","datePublished":"2026-01-14T12:39:26+00:00","dateModified":"2026-01-26T08:03:24+00:00","description":"Entdecken Sie die beste Reisezeit f\u00fcr die aragonesischen Pyren\u00e4en und planen Sie Ihren Familienurlaub in Is\u00e1bena. Ob Fr\u00fchling, Sommer, Herbst oder Winter \u2013 genie\u00dfen Sie die Region abseits der Touristenmassen","breadcrumb":{"@id":"https:\/\/www.isabena.eu\/de\/wann-ist-die-beste-reisezeit-fuer-isabena-die-ideale-zeit-fuer-einen-familienurlaub-in-den-pyrenaeen-abseits-der-touristenmassen\/#breadcrumb"},"inLanguage":"de","potentialAction":[{"@type":"ReadAction","target":["https:\/\/www.isabena.eu\/de\/wann-ist-die-beste-reisezeit-fuer-isabena-die-ideale-zeit-fuer-einen-familienurlaub-in-den-pyrenaeen-abseits-der-touristenmassen\/"]}]},{"@type":"ImageObject","inLanguage":"de","@id":"https:\/\/www.isabena.eu\/de\/wann-ist-die-beste-reisezeit-fuer-isabena-die-ideale-zeit-fuer-einen-familienurlaub-in-den-pyrenaeen-abseits-der-touristenmassen\/#primaryimage","url":"https:\/\/www.isabena.eu\/wp-content\/uploads\/2026\/01\/roda_de_isabena_1.jpg","contentUrl":"https:\/\/www.isabena.eu\/wp-content\/uploads\/2026\/01\/roda_de_isabena_1.jpg","width":1000,"height":620},{"@type":"BreadcrumbList","@id":"https:\/\/www.isabena.eu\/de\/wann-ist-die-beste-reisezeit-fuer-isabena-die-ideale-zeit-fuer-einen-familienurlaub-in-den-pyrenaeen-abseits-der-touristenmassen\/#breadcrumb","itemListElement":[{"@type":"ListItem","position":1,"name":"Home","item":"https:\/\/www.isabena.eu\/de\/"},{"@type":"ListItem","position":2,"name":"Wann ist die beste Reisezeit f\u00fcr Is\u00e1bena? Die ideale Zeit f\u00fcr einen Familienurlaub in den Pyren\u00e4en abseits der Touristenmassen"}]},{"@type":"WebSite","@id":"https:\/\/www.isabena.eu\/de\/#website","url":"https:\/\/www.isabena.eu\/de\/","name":"Camping Is\u00e1bena","description":"Bienvenidos al Camping &amp; Bungalowpark Is\u00e1bena en La Puebla de Roda, en el sur de los Pirineos Centrales. Un camping acogedor con miles de actividades disponibles.","publisher":{"@id":"https:\/\/www.isabena.eu\/de\/#organization"},"alternateName":"Camping Is\u00e1bena","potentialAction":[{"@type":"SearchAction","target":{"@type":"EntryPoint","urlTemplate":"https:\/\/www.isabena.eu\/de\/?s={search_term_string}"},"query-input":{"@type":"PropertyValueSpecification","valueRequired":true,"valueName":"search_term_string"}}],"inLanguage":"de"},{"@type":"Organization","@id":"https:\/\/www.isabena.eu\/de\/#organization","name":"Camping Is\u00e1bena","alternateName":"Camping Is\u00e1bena","url":"https:\/\/www.isabena.eu\/de\/","logo":{"@type":"ImageObject","inLanguage":"de","@id":"https:\/\/www.isabena.eu\/de\/#\/schema\/logo\/image\/","url":"https:\/\/www.isabena.eu\/wp-content\/uploads\/2023\/06\/Logo-Color-cuadrado.png","contentUrl":"https:\/\/www.isabena.eu\/wp-content\/uploads\/2023\/06\/Logo-Color-cuadrado.png","width":314,"height":314,"caption":"Camping Is\u00e1bena"},"image":{"@id":"https:\/\/www.isabena.eu\/de\/#\/schema\/logo\/image\/"},"sameAs":["https:\/\/www.facebook.com\/Campingbungalparkisabena","https:\/\/x.com\/CampingIsbena","https:\/\/www.instagram.com\/camping_bungalowpark_isabena\/","https:\/\/www.youtube.com\/user\/CampingIsabena"]},{"@type":"Person","@id":"https:\/\/www.isabena.eu\/de\/#\/schema\/person\/0dd617a764c41eb4457bf1534460da15","name":"Camping Isabena"}]}},"_links":{"self":[{"href":"https:\/\/www.isabena.eu\/de\/wp-json\/wp\/v2\/posts\/23090","targetHints":{"allow":["GET"]}}],"collection":[{"href":"https:\/\/www.isabena.eu\/de\/wp-json\/wp\/v2\/posts"}],"about":[{"href":"https:\/\/www.isabena.eu\/de\/wp-json\/wp\/v2\/types\/post"}],"author":[{"embeddable":true,"href":"https:\/\/www.isabena.eu\/de\/wp-json\/wp\/v2\/users\/4"}],"replies":[{"embeddable":true,"href":"https:\/\/www.isabena.eu\/de\/wp-json\/wp\/v2\/comments?post=23090"}],"version-history":[{"count":1,"href":"https:\/\/www.isabena.eu\/de\/wp-json\/wp\/v2\/posts\/23090\/revisions"}],"predecessor-version":[{"id":23092,"href":"https:\/\/www.isabena.eu\/de\/wp-json\/wp\/v2\/posts\/23090\/revisions\/23092"}],"wp:featuredmedia":[{"embeddable":true,"href":"https:\/\/www.isabena.eu\/de\/wp-json\/wp\/v2\/media\/22970"}],"wp:attachment":[{"href":"https:\/\/www.isabena.eu\/de\/wp-json\/wp\/v2\/media?parent=23090"}],"wp:term":[{"taxonomy":"category","embeddable":true,"href":"https:\/\/www.isabena.eu\/de\/wp-json\/wp\/v2\/categories?post=23090"},{"taxonomy":"post_tag","embeddable":true,"href":"https:\/\/www.isabena.eu\/de\/wp-json\/wp\/v2\/tags?post=23090"}],"curies":[{"name":"wp","href":"https:\/\/api.w.org\/{rel}","templated":true}]}}