{"id":17440,"date":"2025-03-22T01:09:07","date_gmt":"2025-03-22T00:09:07","guid":{"rendered":"https:\/\/www.isabena.eu\/?p=17440"},"modified":"2025-03-22T01:09:09","modified_gmt":"2025-03-22T00:09:09","slug":"30-jahriges-jubilaum-des-camping-bungalowparks-isabena","status":"publish","type":"post","link":"https:\/\/www.isabena.eu\/de\/30-jahriges-jubilaum-des-camping-bungalowparks-isabena\/","title":{"rendered":"30-j\u00e4hriges Jubil\u00e4um des Camping- und Bungalowparks Is\u00e1bena: Drei Jahrzehnte voller Abenteuer und Natur"},"content":{"rendered":"\n<p>Inmitten der beeindruckenden Landschaft der spanischen Pyren\u00e4en feiert der <a href=\"https:\/\/www.isabena.eu\/de\/\">Camping- und Bungalowpark Is\u00e1bena<\/a> ein ganz besonderes Ereignis: <strong>sein 30-j\u00e4hriges Jubil\u00e4um<\/strong>! Dieses Jubil\u00e4um ist nicht nur ein Grund zum Feiern, sondern auch eine Gelegenheit, auf die vergangenen drei Jahrzehnte zur\u00fcckzublicken und viele unvergessliche Erlebnisse Revue passieren zu lassen.<\/p>\n\n\n\n<p>Camping &amp; Bungalowpark Is\u00e1bena wurde 1995 von Jos\u00e9 Badia und seiner Frau Renate gegr\u00fcndet. Ich wollte einen Ort schaffen, an dem Menschen die Sch\u00f6nheit der Natur aus n\u00e4chster N\u00e4he erleben k\u00f6nnen. Umgeben von majest\u00e4tischen Bergen, kristallklaren Fl\u00fcssen und \u00fcppigen W\u00e4ldern bietet <strong>der Park eine Vielzahl von <a href=\"https:\/\/www.isabena.eu\/de\/aktivitaten\/\">Aktivit\u00e4ten<\/a> f\u00fcr jeden Geschmack<\/strong>. Ob Sie wandern, Rad fahren, Angeln oder einfach nur entspannen, hier finden Sie Ihr ganz pers\u00f6nliches Abenteuer. Die Lage des Parks ist ideal, um die beeindruckende Flora und Fauna der Pyren\u00e4en zu erkunden und die frische Luft der Berge zu genie\u00dfen.<\/p>\n\n\n\n<figure class=\"wp-block-image size-large\"><img decoding=\"async\" width=\"1024\" height=\"670\" src=\"https:\/\/www.isabena.eu\/wp-content\/uploads\/2025\/03\/30-aniversario-del-Camping-Bungalowpark-Isabena_2-1024x670.jpeg\" alt=\"Inicios del Camping Bungalowpark Isa\u0301bena\" class=\"wp-image-17409\" srcset=\"https:\/\/www.isabena.eu\/wp-content\/uploads\/2025\/03\/30-aniversario-del-Camping-Bungalowpark-Isabena_2-1024x670.jpeg 1024w, https:\/\/www.isabena.eu\/wp-content\/uploads\/2025\/03\/30-aniversario-del-Camping-Bungalowpark-Isabena_2-300x196.jpeg 300w, https:\/\/www.isabena.eu\/wp-content\/uploads\/2025\/03\/30-aniversario-del-Camping-Bungalowpark-Isabena_2-768x503.jpeg 768w, https:\/\/www.isabena.eu\/wp-content\/uploads\/2025\/03\/30-aniversario-del-Camping-Bungalowpark-Isabena_2.jpeg 1280w\" sizes=\"(max-width: 1024px) 100vw, 1024px\" \/><figcaption class=\"wp-element-caption\">Anf\u00e4nge des Camping Bungalowpark Is\u00e1bena<\/figcaption><\/figure>\n\n\n\n<p>Im Laufe der Jahre hat sich der <strong>Camping-&amp; Bungalowpark Is\u00e1bena kontinuierlich weiterentwickelt<\/strong>. Um das Jahr 1999 herum wurden die ersten komfortablen <a href=\"https:\/\/www.isabena.eu\/de\/unterkunft\/#bungalow\">Steinbungalows<\/a> zu den urspr\u00fcnglichen Grundst\u00fccken hinzugef\u00fcgt. Jos\u00e9, auch Pepe genannt, stammt urspr\u00fcnglich aus dem Valle de Is\u00e1bena und hat die Anlagen im Laufe der Jahre erweitert. Weitere Holzbungalows und 5 Mobilheime kamen hinzu und im Jahr 2006 wurde ein gro\u00dfes modernes Schwimmbad gebaut. Es folgen Holzh\u00fctten und im Jahr 2011 ein Spa mit Sauna und Whirlpool.<\/p>\n\n\n\n<p>Da Pepe von Anfang an Wert auf <strong>Nachhaltigkeit<\/strong> legte, installierte er 2010 die ersten Solarwarmwassersysteme in Sanit\u00e4ranlagen und Ferienh\u00e4usern des Campingplatzes. Die Anlage umfasst mittlerweile <strong>f\u00fcnf Solaranlagen f\u00fcr Warmwasser und eine gro\u00dfe Photovoltaikanlage f\u00fcr Strom.<\/strong><\/p>\n\n\n\n<p>Ein tolles Feature des Campings &amp; Bungalowpark Is\u00e1bena ist die Musik. Von der Er\u00f6ffnung an verzauberte Pepe Badia, der auch professioneller Musiker war, die N\u00e4chte mit seiner Harfen- und Gitarrenmusik. Von da an spielten viele G\u00e4ste auf ihren Instrumenten und es <strong>entstanden wundervolle musikalische Darbietungen.<\/strong><\/p>\n\n\n\n<figure class=\"wp-block-image size-large\"><img decoding=\"async\" width=\"1024\" height=\"683\" src=\"https:\/\/www.isabena.eu\/wp-content\/uploads\/2025\/03\/Camping-Bungalowpark-Isabena-Restaurante-1024x683.jpeg\" alt=\"Bar Restaurante Camping Bungalowpark Isa\u0301bena\" class=\"wp-image-17414\" srcset=\"https:\/\/www.isabena.eu\/wp-content\/uploads\/2025\/03\/Camping-Bungalowpark-Isabena-Restaurante-1024x683.jpeg 1024w, https:\/\/www.isabena.eu\/wp-content\/uploads\/2025\/03\/Camping-Bungalowpark-Isabena-Restaurante-300x200.jpeg 300w, https:\/\/www.isabena.eu\/wp-content\/uploads\/2025\/03\/Camping-Bungalowpark-Isabena-Restaurante-768x512.jpeg 768w, https:\/\/www.isabena.eu\/wp-content\/uploads\/2025\/03\/Camping-Bungalowpark-Isabena-Restaurante.jpeg 1280w\" sizes=\"(max-width: 1024px) 100vw, 1024px\" \/><figcaption class=\"wp-element-caption\">Bar Restaurant Camping Bungalowpark Is\u00e1bena<\/figcaption><\/figure>\n\n\n\n<p>Seit 2006 beteiligt er sich zudem am Unternehmen seiner beiden Kinder Michael und Anna, die das Gesch\u00e4ft mittlerweile gef\u00fchrt haben.<\/p>\n\n\n\n<p>Das 30-j\u00e4hrige Jubil\u00e4um<strong> wird mit einer Reihe von Festen und Veranstaltungen gefeiert<\/strong>. G\u00e4ste und Einheimische sind eingeladen, an verschiedenen Aktivit\u00e4ten teilzunehmen, darunter kulinarische und musikalische Veranstaltungen. Diese Feierlichkeiten bieten eine wunderbare Gelegenheit, die Gemeinschaft zu st\u00e4rken und neue Freunde zu finden.<\/p>\n\n\n\n<p>In den letzten 30 Jahren hat der Camping &amp; Bungalowpark Is\u00e1bena seinen G\u00e4sten nicht nur unz\u00e4hlige Erinnerungen beschert, sondern auch eine enge Verbindung zur Natur und der Region aufgebaut. Auch in Zukunft bleibt der Park seinem Engagement treu, seinen Besuchern unvergessliche Erlebnisse zu bieten und die Sch\u00f6nheit der Pyren\u00e4en zu bewahren.<\/p>\n\n\n\n<p>Wir freuen uns auf viele weitere Jahre voller Abenteuer, Entspannung und unvergesslicher Momente im Camping- &amp; Bungalowpark Is\u00e1bena! Feiern Sie mit uns und entdecken Sie, was diesen Ort so besonders macht!<\/p>\n\n\n\n<figure class=\"wp-block-image size-large\"><img decoding=\"async\" width=\"1024\" height=\"768\" src=\"https:\/\/www.isabena.eu\/wp-content\/uploads\/2025\/03\/Camping-Bungalowpark-Isabena-1024x768.jpeg\" alt=\"Vista a\u00e9rea del Camping Bungalowpark Isa\u0301bena\" class=\"wp-image-17419\" srcset=\"https:\/\/www.isabena.eu\/wp-content\/uploads\/2025\/03\/Camping-Bungalowpark-Isabena-1024x768.jpeg 1024w, https:\/\/www.isabena.eu\/wp-content\/uploads\/2025\/03\/Camping-Bungalowpark-Isabena-300x225.jpeg 300w, https:\/\/www.isabena.eu\/wp-content\/uploads\/2025\/03\/Camping-Bungalowpark-Isabena-768x576.jpeg 768w, https:\/\/www.isabena.eu\/wp-content\/uploads\/2025\/03\/Camping-Bungalowpark-Isabena.jpeg 1280w\" sizes=\"(max-width: 1024px) 100vw, 1024px\" \/><figcaption class=\"wp-element-caption\">Luftaufnahme von Camping Bungalowpark Is\u00e1bena<\/figcaption><\/figure>\n","protected":false},"excerpt":{"rendered":"<p>Inmitten der beeindruckenden Landschaft der spanischen Pyren\u00e4en feiert der Camping- und Bungalowpark Is\u00e1bena ein ganz besonderes Ereignis: sein 30-j\u00e4hriges Jubil\u00e4um! Dieses Jubil\u00e4um ist nicht nur ein Grund zum Feiern, sondern auch eine Gelegenheit, auf die vergangenen drei Jahrzehnte zur\u00fcckzublicken und viele unvergessliche Erlebnisse Revue passieren zu lassen. Camping &amp; Bungalowpark Is\u00e1bena wurde 1995 von Jos\u00e9&#8230; <a class=\"excerpt-read-more\" href=\"https:\/\/www.isabena.eu\/de\/30-jahriges-jubilaum-des-camping-bungalowparks-isabena\/\" title=\"Read 30-j\u00e4hriges Jubil\u00e4um des Camping- und Bungalowparks Is\u00e1bena: Drei Jahrzehnte voller Abenteuer und Natur\">Weiter &raquo;<\/a><\/p>\n","protected":false},"author":4,"featured_media":17404,"comment_status":"closed","ping_status":"closed","sticky":false,"template":"","format":"standard","meta":{"_acf_changed":false,"_joinchat":[],"footnotes":""},"categories":[18],"tags":[],"class_list":["post-17440","post","type-post","status-publish","format-standard","has-post-thumbnail","hentry","category-pyrenaen-camping"],"acf":[],"yoast_head":"<!-- This site is optimized with the Yoast SEO plugin v24.7 - https:\/\/yoast.com\/wordpress\/plugins\/seo\/ -->\n<title>30-j\u00e4hriges Jubil\u00e4um des Camping- und Bungalowparks Is\u00e1bena<\/title>\n<meta name=\"description\" content=\"Inmitten der beeindruckenden Landschaft der spanischen Pyren\u00e4en feiert der Camping- und Bungalowpark Is\u00e1bena sein 30-j\u00e4hriges Jubil\u00e4um!\" \/>\n<meta name=\"robots\" content=\"index, follow, max-snippet:-1, max-image-preview:large, max-video-preview:-1\" \/>\n<link rel=\"canonical\" href=\"https:\/\/www.isabena.eu\/de\/30-jahriges-jubilaum-des-camping-bungalowparks-isabena\/\" \/>\n<meta property=\"og:locale\" content=\"de_DE\" \/>\n<meta property=\"og:type\" content=\"article\" \/>\n<meta property=\"og:title\" content=\"30-j\u00e4hriges Jubil\u00e4um des Camping- und Bungalowparks Is\u00e1bena\" \/>\n<meta property=\"og:description\" content=\"Inmitten der beeindruckenden Landschaft der spanischen Pyren\u00e4en feiert der Camping- und Bungalowpark Is\u00e1bena sein 30-j\u00e4hriges Jubil\u00e4um!\" \/>\n<meta property=\"og:url\" content=\"https:\/\/www.isabena.eu\/de\/30-jahriges-jubilaum-des-camping-bungalowparks-isabena\/\" \/>\n<meta property=\"og:site_name\" content=\"Camping Is\u00e1bena\" \/>\n<meta property=\"article:publisher\" content=\"https:\/\/www.facebook.com\/Campingbungalparkisabena\" \/>\n<meta property=\"article:published_time\" content=\"2025-03-22T00:09:07+00:00\" \/>\n<meta property=\"article:modified_time\" content=\"2025-03-22T00:09:09+00:00\" \/>\n<meta property=\"og:image\" content=\"https:\/\/www.isabena.eu\/wp-content\/uploads\/2025\/03\/30-aniversario-del-Camping-Bungalowpark-Isabena_1.jpeg\" \/>\n\t<meta property=\"og:image:width\" content=\"1280\" \/>\n\t<meta property=\"og:image:height\" content=\"942\" \/>\n\t<meta property=\"og:image:type\" content=\"image\/jpeg\" \/>\n<meta name=\"author\" content=\"Camping Isabena\" \/>\n<meta name=\"twitter:card\" content=\"summary_large_image\" \/>\n<meta name=\"twitter:creator\" content=\"@CampingIsbena\" \/>\n<meta name=\"twitter:site\" content=\"@CampingIsbena\" \/>\n<meta name=\"twitter:label1\" content=\"Verfasst von\" \/>\n\t<meta name=\"twitter:data1\" content=\"Camping Isabena\" \/>\n\t<meta name=\"twitter:label2\" content=\"Gesch\u00e4tzte Lesezeit\" \/>\n\t<meta name=\"twitter:data2\" content=\"3\u00a0Minuten\" \/>\n<!-- \/ Yoast SEO plugin. -->","yoast_head_json":{"title":"30-j\u00e4hriges Jubil\u00e4um des Camping- und Bungalowparks Is\u00e1bena","description":"Inmitten der beeindruckenden Landschaft der spanischen Pyren\u00e4en feiert der Camping- und Bungalowpark Is\u00e1bena sein 30-j\u00e4hriges Jubil\u00e4um!","robots":{"index":"index","follow":"follow","max-snippet":"max-snippet:-1","max-image-preview":"max-image-preview:large","max-video-preview":"max-video-preview:-1"},"canonical":"https:\/\/www.isabena.eu\/de\/30-jahriges-jubilaum-des-camping-bungalowparks-isabena\/","og_locale":"de_DE","og_type":"article","og_title":"30-j\u00e4hriges Jubil\u00e4um des Camping- und Bungalowparks Is\u00e1bena","og_description":"Inmitten der beeindruckenden Landschaft der spanischen Pyren\u00e4en feiert der Camping- und Bungalowpark Is\u00e1bena sein 30-j\u00e4hriges Jubil\u00e4um!","og_url":"https:\/\/www.isabena.eu\/de\/30-jahriges-jubilaum-des-camping-bungalowparks-isabena\/","og_site_name":"Camping Is\u00e1bena","article_publisher":"https:\/\/www.facebook.com\/Campingbungalparkisabena","article_published_time":"2025-03-22T00:09:07+00:00","article_modified_time":"2025-03-22T00:09:09+00:00","og_image":[{"width":1280,"height":942,"url":"https:\/\/www.isabena.eu\/wp-content\/uploads\/2025\/03\/30-aniversario-del-Camping-Bungalowpark-Isabena_1.jpeg","type":"image\/jpeg"}],"author":"Camping Isabena","twitter_card":"summary_large_image","twitter_creator":"@CampingIsbena","twitter_site":"@CampingIsbena","twitter_misc":{"Verfasst von":"Camping Isabena","Gesch\u00e4tzte Lesezeit":"3\u00a0Minuten"},"schema":{"@context":"https:\/\/schema.org","@graph":[{"@type":"Article","@id":"https:\/\/www.isabena.eu\/de\/30-jahriges-jubilaum-des-camping-bungalowparks-isabena\/#article","isPartOf":{"@id":"https:\/\/www.isabena.eu\/de\/30-jahriges-jubilaum-des-camping-bungalowparks-isabena\/"},"author":{"name":"Camping Isabena","@id":"https:\/\/www.isabena.eu\/de\/#\/schema\/person\/0dd617a764c41eb4457bf1534460da15"},"headline":"30-j\u00e4hriges Jubil\u00e4um des Camping- und Bungalowparks Is\u00e1bena: Drei Jahrzehnte voller Abenteuer und Natur","datePublished":"2025-03-22T00:09:07+00:00","dateModified":"2025-03-22T00:09:09+00:00","mainEntityOfPage":{"@id":"https:\/\/www.isabena.eu\/de\/30-jahriges-jubilaum-des-camping-bungalowparks-isabena\/"},"wordCount":517,"publisher":{"@id":"https:\/\/www.isabena.eu\/de\/#organization"},"image":{"@id":"https:\/\/www.isabena.eu\/de\/30-jahriges-jubilaum-des-camping-bungalowparks-isabena\/#primaryimage"},"thumbnailUrl":"https:\/\/www.isabena.eu\/wp-content\/uploads\/2025\/03\/30-aniversario-del-Camping-Bungalowpark-Isabena_1.jpeg","articleSection":["Pyren\u00e4en Camping"],"inLanguage":"de"},{"@type":"WebPage","@id":"https:\/\/www.isabena.eu\/de\/30-jahriges-jubilaum-des-camping-bungalowparks-isabena\/","url":"https:\/\/www.isabena.eu\/de\/30-jahriges-jubilaum-des-camping-bungalowparks-isabena\/","name":"30-j\u00e4hriges Jubil\u00e4um des Camping- und Bungalowparks Is\u00e1bena","isPartOf":{"@id":"https:\/\/www.isabena.eu\/de\/#website"},"primaryImageOfPage":{"@id":"https:\/\/www.isabena.eu\/de\/30-jahriges-jubilaum-des-camping-bungalowparks-isabena\/#primaryimage"},"image":{"@id":"https:\/\/www.isabena.eu\/de\/30-jahriges-jubilaum-des-camping-bungalowparks-isabena\/#primaryimage"},"thumbnailUrl":"https:\/\/www.isabena.eu\/wp-content\/uploads\/2025\/03\/30-aniversario-del-Camping-Bungalowpark-Isabena_1.jpeg","datePublished":"2025-03-22T00:09:07+00:00","dateModified":"2025-03-22T00:09:09+00:00","description":"Inmitten der beeindruckenden Landschaft der spanischen Pyren\u00e4en feiert der Camping- und Bungalowpark Is\u00e1bena sein 30-j\u00e4hriges Jubil\u00e4um!","breadcrumb":{"@id":"https:\/\/www.isabena.eu\/de\/30-jahriges-jubilaum-des-camping-bungalowparks-isabena\/#breadcrumb"},"inLanguage":"de","potentialAction":[{"@type":"ReadAction","target":["https:\/\/www.isabena.eu\/de\/30-jahriges-jubilaum-des-camping-bungalowparks-isabena\/"]}]},{"@type":"ImageObject","inLanguage":"de","@id":"https:\/\/www.isabena.eu\/de\/30-jahriges-jubilaum-des-camping-bungalowparks-isabena\/#primaryimage","url":"https:\/\/www.isabena.eu\/wp-content\/uploads\/2025\/03\/30-aniversario-del-Camping-Bungalowpark-Isabena_1.jpeg","contentUrl":"https:\/\/www.isabena.eu\/wp-content\/uploads\/2025\/03\/30-aniversario-del-Camping-Bungalowpark-Isabena_1.jpeg","width":1280,"height":942,"caption":"30 aniversario del Camping Bungalowpark Isa\u0301bena"},{"@type":"BreadcrumbList","@id":"https:\/\/www.isabena.eu\/de\/30-jahriges-jubilaum-des-camping-bungalowparks-isabena\/#breadcrumb","itemListElement":[{"@type":"ListItem","position":1,"name":"Home","item":"https:\/\/www.isabena.eu\/de\/"},{"@type":"ListItem","position":2,"name":"30-j\u00e4hriges Jubil\u00e4um des Camping- und Bungalowparks Is\u00e1bena: Drei Jahrzehnte voller Abenteuer und Natur"}]},{"@type":"WebSite","@id":"https:\/\/www.isabena.eu\/de\/#website","url":"https:\/\/www.isabena.eu\/de\/","name":"Camping Is\u00e1bena","description":"Bienvenidos al Camping &amp; Bungalowpark Is\u00e1bena en La Puebla de Roda, en el sur de los Pirineos Centrales. Un camping acogedor con miles de actividades disponibles.","publisher":{"@id":"https:\/\/www.isabena.eu\/de\/#organization"},"alternateName":"Camping Is\u00e1bena","potentialAction":[{"@type":"SearchAction","target":{"@type":"EntryPoint","urlTemplate":"https:\/\/www.isabena.eu\/de\/?s={search_term_string}"},"query-input":{"@type":"PropertyValueSpecification","valueRequired":true,"valueName":"search_term_string"}}],"inLanguage":"de"},{"@type":"Organization","@id":"https:\/\/www.isabena.eu\/de\/#organization","name":"Camping Is\u00e1bena","alternateName":"Camping Is\u00e1bena","url":"https:\/\/www.isabena.eu\/de\/","logo":{"@type":"ImageObject","inLanguage":"de","@id":"https:\/\/www.isabena.eu\/de\/#\/schema\/logo\/image\/","url":"https:\/\/www.isabena.eu\/wp-content\/uploads\/2023\/06\/Logo-Color-cuadrado.png","contentUrl":"https:\/\/www.isabena.eu\/wp-content\/uploads\/2023\/06\/Logo-Color-cuadrado.png","width":314,"height":314,"caption":"Camping Is\u00e1bena"},"image":{"@id":"https:\/\/www.isabena.eu\/de\/#\/schema\/logo\/image\/"},"sameAs":["https:\/\/www.facebook.com\/Campingbungalparkisabena","https:\/\/x.com\/CampingIsbena","https:\/\/www.instagram.com\/camping_bungalowpark_isabena\/","https:\/\/www.youtube.com\/user\/CampingIsabena"]},{"@type":"Person","@id":"https:\/\/www.isabena.eu\/de\/#\/schema\/person\/0dd617a764c41eb4457bf1534460da15","name":"Camping Isabena"}]}},"_links":{"self":[{"href":"https:\/\/www.isabena.eu\/de\/wp-json\/wp\/v2\/posts\/17440","targetHints":{"allow":["GET"]}}],"collection":[{"href":"https:\/\/www.isabena.eu\/de\/wp-json\/wp\/v2\/posts"}],"about":[{"href":"https:\/\/www.isabena.eu\/de\/wp-json\/wp\/v2\/types\/post"}],"author":[{"embeddable":true,"href":"https:\/\/www.isabena.eu\/de\/wp-json\/wp\/v2\/users\/4"}],"replies":[{"embeddable":true,"href":"https:\/\/www.isabena.eu\/de\/wp-json\/wp\/v2\/comments?post=17440"}],"version-history":[{"count":1,"href":"https:\/\/www.isabena.eu\/de\/wp-json\/wp\/v2\/posts\/17440\/revisions"}],"predecessor-version":[{"id":17441,"href":"https:\/\/www.isabena.eu\/de\/wp-json\/wp\/v2\/posts\/17440\/revisions\/17441"}],"wp:featuredmedia":[{"embeddable":true,"href":"https:\/\/www.isabena.eu\/de\/wp-json\/wp\/v2\/media\/17404"}],"wp:attachment":[{"href":"https:\/\/www.isabena.eu\/de\/wp-json\/wp\/v2\/media?parent=17440"}],"wp:term":[{"taxonomy":"category","embeddable":true,"href":"https:\/\/www.isabena.eu\/de\/wp-json\/wp\/v2\/categories?post=17440"},{"taxonomy":"post_tag","embeddable":true,"href":"https:\/\/www.isabena.eu\/de\/wp-json\/wp\/v2\/tags?post=17440"}],"curies":[{"name":"wp","href":"https:\/\/api.w.org\/{rel}","templated":true}]}}