{"id":12448,"date":"2024-05-22T07:13:46","date_gmt":"2024-05-22T05:13:46","guid":{"rendered":"https:\/\/www.isabena.eu\/el-camping-isabena-sobre-dos-ruedas-nuestro-servicio-de-alquiler-de-motos\/"},"modified":"2024-05-31T12:32:53","modified_gmt":"2024-05-31T10:32:53","slug":"camping-isabena-auf-zwei-raedern-unser-motorradverleih","status":"publish","type":"post","link":"https:\/\/www.isabena.eu\/de\/camping-isabena-auf-zwei-raedern-unser-motorradverleih\/","title":{"rendered":"Camping Is\u00e1bena auf zwei R\u00e4dern: unser Motorradverleih"},"content":{"rendered":"\n<div style=\"height:40px\" aria-hidden=\"true\" class=\"wp-block-spacer\"><\/div>\n\n\n\n<p>Zweifellos <strong>ist es eines der besten Gef\u00fchle w\u00e4hrend der Ferien, Ruhe mit Abenteuer verbinden zu k\u00f6nnen. Deshalb bieten wir Ihnen<\/strong> \u2013 wie wir Ihnen bereits in unseren vorherigen Artikeln gesagt haben \u2013 auf dem <strong><a href=\"https:\/\/www.instagram.com\/camping_bungalowpark_isabena\/\">Campingplatz Is\u00e1bena<\/a><\/strong> die M\u00f6glichkeit, einige der neuesten BMW-Modelle zu testen.<\/p>\n\n\n\n<p>Wenn Sie sich genauso f\u00fcr Motorr\u00e4der begeistern wie wir, sind Sie bei uns genau richtig. Sie<\/p>\n\n\n\n<p>\u00a0Sie k\u00f6nnen von unserem umfassenden Wissen \u00fcber die Region profitieren.\u00a0 Wir vom Camping Isabena sind das <strong><a href=\"https:\/\/www.isabena.eu\/de\/motorradtouren\/#bmw-motorrad\">BMW Motorrad Testride Hotel<\/a><\/strong> in den Pyren\u00e4en und Sie haben die M\u00f6glichkeit die neuesten BMW Modelle bei uns zu probieren.<\/p>\n\n\n\n<div style=\"height:30px\" aria-hidden=\"true\" class=\"wp-block-spacer\"><\/div>\n\n\n\n<h3 class=\"wp-block-heading\"><strong>Testen Sie die neuesten BMW Modelle auf dem Campingplatz Is\u00e1bena<\/strong><\/h3>\n\n\n\n<div style=\"height:30px\" aria-hidden=\"true\" class=\"wp-block-spacer\"><\/div>\n\n\n\n<p>Um das Beste aus Ihrem Aufenthalt zu machen, bieten wir Ihnen auf unserem <strong><a href=\"https:\/\/www.isabena.eu\/de\/\">Campingplatz in den aragonesischen Pyren\u00e4en<\/a><\/strong> die M\u00f6glichkeit, exklusive Exemplare der ikonischen Marke BMW unter den besten Bedingungen zu fahren:<\/p>\n\n\n\n<div style=\"height:20px\" aria-hidden=\"true\" class=\"wp-block-spacer\"><\/div>\n\n\n\n<ul class=\"wp-block-list\">\n<li>Tests von bis zu zwei Tagen.<\/li>\n\n\n\n<li>Haftpflichtversicherung.<\/li>\n\n\n\n<li>Preise zwischen 119,00 \u20ac und 139,00 \u20ac.<\/li>\n\n\n\n<li>Ausstattung und Service vorhanden.<\/li>\n\n\n\n<li>Wahl des Motorrads auf dem Campingplatz nach der Formalisierung der Testfahrt.<\/li>\n<\/ul>\n\n\n\n<div style=\"height:20px\" aria-hidden=\"true\" class=\"wp-block-spacer\"><\/div>\n\n\n\n<p>Welche <strong>Unterlagen<\/strong> ben\u00f6tigen Sie, um ein BMW Testmotorrad zu mieten?<\/p>\n\n\n\n<div style=\"height:20px\" aria-hidden=\"true\" class=\"wp-block-spacer\"><\/div>\n\n\n\n<ul class=\"wp-block-list\">\n<li>Eine Mobiltelefonnummer.<\/li>\n\n\n\n<li>Ein Ausweisdokument.<\/li>\n\n\n\n<li>Ihr Motorradf\u00fchrerschein (A).<\/li>\n<\/ul>\n\n\n\n<div style=\"height:30px\" aria-hidden=\"true\" class=\"wp-block-spacer\"><\/div>\n\n\n\n<h3 class=\"wp-block-heading\"><strong>Urlaub auf R\u00e4dern<\/strong><\/h3>\n\n\n\n<div style=\"height:30px\" aria-hidden=\"true\" class=\"wp-block-spacer\"><\/div>\n\n\n\n<p>Wenn Sie sich entscheiden, uns mit Ihrem eigenen Motorrad zu besuchen, anstatt die Tatsache zu nutzen, dass wir auf dem Campingplatz Is\u00e1bena das BMW Motorrad Testride Hotel sind, <strong>bieten\u00a0 wir in unseren Einrichtungen auch Folgendes:<\/strong><\/p>\n\n\n\n<div style=\"height:20px\" aria-hidden=\"true\" class=\"wp-block-spacer\"><\/div>\n\n\n\n<ul class=\"wp-block-list\">\n<li><strong><u>1. Kostenloses kartografisches Material<\/u><\/strong><\/li>\n<\/ul>\n\n\n\n<div style=\"height:10px\" aria-hidden=\"true\" class=\"wp-block-spacer\"><\/div>\n\n\n\n<p>Wir stellen Ihnen kostenlos <strong>eine Vielzahl von kartographischen Ressourcen wie Karten, Pl\u00e4ne und Luftbilder zur Verf\u00fcgung<\/strong>, damit Sie bei der Planung Ihrer Motorradroute detaillierte Informationen \u00fcber die Geografie, die Reisezeit und die Sehensw\u00fcrdigkeiten haben.<\/p>\n\n\n\n<div style=\"height:20px\" aria-hidden=\"true\" class=\"wp-block-spacer\"><\/div>\n\n\n\n<ul class=\"wp-block-list\">\n<li><strong><u>2. Waschplatz<\/u><\/strong><\/li>\n<\/ul>\n\n\n\n<div style=\"height:10px\" aria-hidden=\"true\" class=\"wp-block-spacer\"><\/div>\n\n\n\n<p>Wir haben <strong>einen Bereich, um Ihr Motorrad zu reinigen<\/strong>, da Staub, Schmutz, Fett und Insekten sein Aussehen und seine Effizienz beeintr\u00e4chtigen und sogar seine Komponenten besch\u00e4digen k\u00f6nnen.<\/p>\n\n\n\n<div style=\"height:20px\" aria-hidden=\"true\" class=\"wp-block-spacer\"><\/div>\n\n\n\n<ul class=\"wp-block-list\">\n<li><strong><u>3. Helpdesk &amp; kleine Werkstatt<\/u><\/strong><\/li>\n<\/ul>\n\n\n\n<div style=\"height:10px\" aria-hidden=\"true\" class=\"wp-block-spacer\"><\/div>\n\n\n\n<p>F\u00fcr den Fall, dass es w\u00e4hrend Ihrer Reise zu mechanischen<strong> Problemen kommt, haben wir Werkzeuge und Ersatzteile in unserer kleinen Werkstatt<\/strong>. Bei schwerwiegenden Fehlern kann unser Service Ihr Motorrad auch in eine nahe gelegene Werkstatt abschleppen und Sie \u00fcber Reparaturm\u00f6glichkeiten beraten.<\/p>\n\n\n\n<div style=\"height:20px\" aria-hidden=\"true\" class=\"wp-block-spacer\"><\/div>\n\n\n\n<ul class=\"wp-block-list\">\n<li><strong><u>4. Hilfe bei der Planung Ihrer Routen<\/u><\/strong><\/li>\n<\/ul>\n\n\n\n<div style=\"height:10px\" aria-hidden=\"true\" class=\"wp-block-spacer\"><\/div>\n\n\n\n<p>Immer unter Ber\u00fccksichtigung Ihres Fahrstils und eer Wetterbedingungen, um Ihre Sicherheit zu gew\u00e4hrleisten,<strong> k\u00f6nnen wir Sie bei der Organisation Ihrer Reise beraten<\/strong> und Routen empfehlen.<\/p>\n\n\n\n<div style=\"height:20px\" aria-hidden=\"true\" class=\"wp-block-spacer\"><\/div>\n\n\n\n<ol class=\"wp-block-list\" style=\"list-style-type:lower-alpha\">\n<li>Andorra.<\/li>\n\n\n\n<li>Barranco de A\u00f1isclo.<\/li>\n\n\n\n<li>Benasque und der Aneto-Gletscher.<\/li>\n\n\n\n<li>Tour de France-P\u00e4sse.<\/li>\n\n\n\n<li>Alqu\u00e9zar und die Geierschlucht.<\/li>\n<\/ol>\n\n\n\n<div style=\"height:20px\" aria-hidden=\"true\" class=\"wp-block-spacer\"><\/div>\n\n\n\n<p>Sie finden uns bei MDMOT \u2013 einer Organisation, die sich auf Abenteuertouren spezialisiert hat \u2013 wo <strong>wir eine Vielzahl von B\u00fcchern im Guide-Format anbieten, die bestimmte Routen detailliert beschreiben, von Tagesausfl\u00fcgen bis hin zu l\u00e4ngeren Touren, die unbefestigte Stra\u00dfen und asphaltierte Stra\u00dfen kombinieren.<\/strong><\/p>\n\n\n\n<p>Dar\u00fcber hinaus finden Sie zahlreiche Routen unserer Kunden, wie z.B. den Journalisten Markus Golletz, der uns besuchte und attraktive Motorradtouren entdeckte, die er in seinem Buch &#8220;Die sch\u00f6nsten Motorradtouren Pyren\u00e4en&#8221; beschrieben hat.<\/p>\n\n\n\n<div style=\"height:30px\" aria-hidden=\"true\" class=\"wp-block-spacer\"><\/div>\n\n\n\n<figure class=\"wp-block-image size-large\"><img decoding=\"async\" width=\"1024\" height=\"683\" src=\"https:\/\/www.isabena.eu\/wp-content\/uploads\/2024\/05\/Camping-Isabena-alquiler-motos-1024x683.jpg\" alt=\"Camping Is\u00e1bena Motorradverleih\" class=\"wp-image-12306\" srcset=\"https:\/\/www.isabena.eu\/wp-content\/uploads\/2024\/05\/Camping-Isabena-alquiler-motos-1024x683.jpg 1024w, https:\/\/www.isabena.eu\/wp-content\/uploads\/2024\/05\/Camping-Isabena-alquiler-motos-300x200.jpg 300w, https:\/\/www.isabena.eu\/wp-content\/uploads\/2024\/05\/Camping-Isabena-alquiler-motos-768x512.jpg 768w, https:\/\/www.isabena.eu\/wp-content\/uploads\/2024\/05\/Camping-Isabena-alquiler-motos-1536x1025.jpg 1536w, https:\/\/www.isabena.eu\/wp-content\/uploads\/2024\/05\/Camping-Isabena-alquiler-motos.jpg 1920w\" sizes=\"(max-width: 1024px) 100vw, 1024px\" \/><\/figure>\n\n\n\n<div style=\"height:30px\" aria-hidden=\"true\" class=\"wp-block-spacer\"><\/div>\n\n\n\n<h3 class=\"wp-block-heading\"><strong>Genie\u00dfen Sie die Natur auf unserem Campingplatz in den aragonesischen Pyren\u00e4en<\/strong><\/h3>\n\n\n\n<div style=\"height:30px\" aria-hidden=\"true\" class=\"wp-block-spacer\"><\/div>\n\n\n\n<p>Jetzt, da Sie alle Vorteile kennen, die wir Ihnen bieten k\u00f6nnen, ermutigen wir Sie vom <strong><a href=\"https:\/\/www.instagram.com\/camping_bungalowpark_isabena\/\">Campingplatz Is\u00e1bena<\/a><\/strong>, Ihren Traum wahr werden zu lassen.<\/p>\n\n\n\n<p>Z\u00f6gern Sie nicht, unser <strong><a href=\"https:\/\/www.isabena.eu\/de\/motorradtouren\/#bmw-motorrad\">BMW Motorrad Testride Hotel<\/a><\/strong> oder <strong><a href=\"https:\/\/www.isabena.eu\/de\/motorradtouren\/#rutas-por-carretera\">Motorradrouten<\/a><\/strong> zu kontaktieren oder zu besuchen, um alle Informationen zu erhalten.<\/p>\n","protected":false},"excerpt":{"rendered":"<p>Zweifellos ist es eines der besten Gef\u00fchle w\u00e4hrend der Ferien, Ruhe mit Abenteuer verbinden zu k\u00f6nnen. Deshalb bieten wir Ihnen \u2013 wie wir Ihnen bereits in unseren vorherigen Artikeln gesagt haben \u2013 auf dem Campingplatz Is\u00e1bena die M\u00f6glichkeit, einige der neuesten BMW-Modelle zu testen. Wenn Sie sich genauso f\u00fcr Motorr\u00e4der begeistern wie wir, sind Sie&#8230; <a class=\"excerpt-read-more\" href=\"https:\/\/www.isabena.eu\/de\/camping-isabena-auf-zwei-raedern-unser-motorradverleih\/\" title=\"Read Camping Is\u00e1bena auf zwei R\u00e4dern: unser Motorradverleih\">Weiter &raquo;<\/a><\/p>\n","protected":false},"author":2,"featured_media":12305,"comment_status":"closed","ping_status":"closed","sticky":false,"template":"","format":"standard","meta":{"_acf_changed":false,"_joinchat":[],"footnotes":""},"categories":[18],"tags":[],"class_list":["post-12448","post","type-post","status-publish","format-standard","has-post-thumbnail","hentry","category-pyrenaen-camping"],"acf":[],"yoast_head":"<!-- This site is optimized with the Yoast SEO plugin v24.7 - https:\/\/yoast.com\/wordpress\/plugins\/seo\/ -->\n<title>Camping Is\u00e1bena auf zwei R\u00e4dern: unser Motorradverleih<\/title>\n<meta name=\"description\" content=\"Auf dem Camping Is\u00e1bena bieten wir Ihnen die M\u00f6glichkeit, Ihren Urlaub mit unserem Motorradverleih noch mehr zu genie\u00dfen.\" \/>\n<meta name=\"robots\" content=\"index, follow, max-snippet:-1, max-image-preview:large, max-video-preview:-1\" \/>\n<link rel=\"canonical\" href=\"https:\/\/www.isabena.eu\/de\/camping-isabena-auf-zwei-raedern-unser-motorradverleih\/\" \/>\n<meta property=\"og:locale\" content=\"de_DE\" \/>\n<meta property=\"og:type\" content=\"article\" \/>\n<meta property=\"og:title\" content=\"Camping Is\u00e1bena auf zwei R\u00e4dern: unser Motorradverleih\" \/>\n<meta property=\"og:description\" content=\"Auf dem Camping Is\u00e1bena bieten wir Ihnen die M\u00f6glichkeit, Ihren Urlaub mit unserem Motorradverleih noch mehr zu genie\u00dfen.\" \/>\n<meta property=\"og:url\" content=\"https:\/\/www.isabena.eu\/de\/camping-isabena-auf-zwei-raedern-unser-motorradverleih\/\" \/>\n<meta property=\"og:site_name\" content=\"Camping Is\u00e1bena\" \/>\n<meta property=\"article:publisher\" content=\"https:\/\/www.facebook.com\/Campingbungalparkisabena\" \/>\n<meta property=\"article:published_time\" content=\"2024-05-22T05:13:46+00:00\" \/>\n<meta property=\"article:modified_time\" content=\"2024-05-31T10:32:53+00:00\" \/>\n<meta property=\"og:image\" content=\"https:\/\/www.isabena.eu\/wp-content\/uploads\/2024\/05\/Camping-Isabena-alquiler-motos-2.jpg\" \/>\n\t<meta property=\"og:image:width\" content=\"1920\" \/>\n\t<meta property=\"og:image:height\" content=\"1240\" \/>\n\t<meta property=\"og:image:type\" content=\"image\/jpeg\" \/>\n<meta name=\"author\" content=\"Admin\" \/>\n<meta name=\"twitter:card\" content=\"summary_large_image\" \/>\n<meta name=\"twitter:creator\" content=\"@CampingIsbena\" \/>\n<meta name=\"twitter:site\" content=\"@CampingIsbena\" \/>\n<meta name=\"twitter:label1\" content=\"Verfasst von\" \/>\n\t<meta name=\"twitter:data1\" content=\"Admin\" \/>\n\t<meta name=\"twitter:label2\" content=\"Gesch\u00e4tzte Lesezeit\" \/>\n\t<meta name=\"twitter:data2\" content=\"3\u00a0Minuten\" \/>\n<!-- \/ Yoast SEO plugin. -->","yoast_head_json":{"title":"Camping Is\u00e1bena auf zwei R\u00e4dern: unser Motorradverleih","description":"Auf dem Camping Is\u00e1bena bieten wir Ihnen die M\u00f6glichkeit, Ihren Urlaub mit unserem Motorradverleih noch mehr zu genie\u00dfen.","robots":{"index":"index","follow":"follow","max-snippet":"max-snippet:-1","max-image-preview":"max-image-preview:large","max-video-preview":"max-video-preview:-1"},"canonical":"https:\/\/www.isabena.eu\/de\/camping-isabena-auf-zwei-raedern-unser-motorradverleih\/","og_locale":"de_DE","og_type":"article","og_title":"Camping Is\u00e1bena auf zwei R\u00e4dern: unser Motorradverleih","og_description":"Auf dem Camping Is\u00e1bena bieten wir Ihnen die M\u00f6glichkeit, Ihren Urlaub mit unserem Motorradverleih noch mehr zu genie\u00dfen.","og_url":"https:\/\/www.isabena.eu\/de\/camping-isabena-auf-zwei-raedern-unser-motorradverleih\/","og_site_name":"Camping Is\u00e1bena","article_publisher":"https:\/\/www.facebook.com\/Campingbungalparkisabena","article_published_time":"2024-05-22T05:13:46+00:00","article_modified_time":"2024-05-31T10:32:53+00:00","og_image":[{"width":1920,"height":1240,"url":"https:\/\/www.isabena.eu\/wp-content\/uploads\/2024\/05\/Camping-Isabena-alquiler-motos-2.jpg","type":"image\/jpeg"}],"author":"Admin","twitter_card":"summary_large_image","twitter_creator":"@CampingIsbena","twitter_site":"@CampingIsbena","twitter_misc":{"Verfasst von":"Admin","Gesch\u00e4tzte Lesezeit":"3\u00a0Minuten"},"schema":{"@context":"https:\/\/schema.org","@graph":[{"@type":"Article","@id":"https:\/\/www.isabena.eu\/de\/camping-isabena-auf-zwei-raedern-unser-motorradverleih\/#article","isPartOf":{"@id":"https:\/\/www.isabena.eu\/de\/camping-isabena-auf-zwei-raedern-unser-motorradverleih\/"},"author":{"name":"Admin","@id":"https:\/\/www.isabena.eu\/de\/#\/schema\/person\/5a8201f3c91d804b4ea492a22e9ec6b1"},"headline":"Camping Is\u00e1bena auf zwei R\u00e4dern: unser Motorradverleih","datePublished":"2024-05-22T05:13:46+00:00","dateModified":"2024-05-31T10:32:53+00:00","mainEntityOfPage":{"@id":"https:\/\/www.isabena.eu\/de\/camping-isabena-auf-zwei-raedern-unser-motorradverleih\/"},"wordCount":554,"publisher":{"@id":"https:\/\/www.isabena.eu\/de\/#organization"},"image":{"@id":"https:\/\/www.isabena.eu\/de\/camping-isabena-auf-zwei-raedern-unser-motorradverleih\/#primaryimage"},"thumbnailUrl":"https:\/\/www.isabena.eu\/wp-content\/uploads\/2024\/05\/Camping-Isabena-alquiler-motos-2.jpg","articleSection":["Pyren\u00e4en Camping"],"inLanguage":"de"},{"@type":"WebPage","@id":"https:\/\/www.isabena.eu\/de\/camping-isabena-auf-zwei-raedern-unser-motorradverleih\/","url":"https:\/\/www.isabena.eu\/de\/camping-isabena-auf-zwei-raedern-unser-motorradverleih\/","name":"Camping Is\u00e1bena auf zwei R\u00e4dern: unser Motorradverleih","isPartOf":{"@id":"https:\/\/www.isabena.eu\/de\/#website"},"primaryImageOfPage":{"@id":"https:\/\/www.isabena.eu\/de\/camping-isabena-auf-zwei-raedern-unser-motorradverleih\/#primaryimage"},"image":{"@id":"https:\/\/www.isabena.eu\/de\/camping-isabena-auf-zwei-raedern-unser-motorradverleih\/#primaryimage"},"thumbnailUrl":"https:\/\/www.isabena.eu\/wp-content\/uploads\/2024\/05\/Camping-Isabena-alquiler-motos-2.jpg","datePublished":"2024-05-22T05:13:46+00:00","dateModified":"2024-05-31T10:32:53+00:00","description":"Auf dem Camping Is\u00e1bena bieten wir Ihnen die M\u00f6glichkeit, Ihren Urlaub mit unserem Motorradverleih noch mehr zu genie\u00dfen.","breadcrumb":{"@id":"https:\/\/www.isabena.eu\/de\/camping-isabena-auf-zwei-raedern-unser-motorradverleih\/#breadcrumb"},"inLanguage":"de","potentialAction":[{"@type":"ReadAction","target":["https:\/\/www.isabena.eu\/de\/camping-isabena-auf-zwei-raedern-unser-motorradverleih\/"]}]},{"@type":"ImageObject","inLanguage":"de","@id":"https:\/\/www.isabena.eu\/de\/camping-isabena-auf-zwei-raedern-unser-motorradverleih\/#primaryimage","url":"https:\/\/www.isabena.eu\/wp-content\/uploads\/2024\/05\/Camping-Isabena-alquiler-motos-2.jpg","contentUrl":"https:\/\/www.isabena.eu\/wp-content\/uploads\/2024\/05\/Camping-Isabena-alquiler-motos-2.jpg","width":1920,"height":1240,"caption":"Camping Is\u00e1bena alquiler motos"},{"@type":"BreadcrumbList","@id":"https:\/\/www.isabena.eu\/de\/camping-isabena-auf-zwei-raedern-unser-motorradverleih\/#breadcrumb","itemListElement":[{"@type":"ListItem","position":1,"name":"Home","item":"https:\/\/www.isabena.eu\/de\/"},{"@type":"ListItem","position":2,"name":"Camping Is\u00e1bena auf zwei R\u00e4dern: unser Motorradverleih"}]},{"@type":"WebSite","@id":"https:\/\/www.isabena.eu\/de\/#website","url":"https:\/\/www.isabena.eu\/de\/","name":"Camping Is\u00e1bena","description":"Bienvenidos al Camping &amp; Bungalowpark Is\u00e1bena en La Puebla de Roda, en el sur de los Pirineos Centrales. Un camping acogedor con miles de actividades disponibles.","publisher":{"@id":"https:\/\/www.isabena.eu\/de\/#organization"},"alternateName":"Camping Is\u00e1bena","potentialAction":[{"@type":"SearchAction","target":{"@type":"EntryPoint","urlTemplate":"https:\/\/www.isabena.eu\/de\/?s={search_term_string}"},"query-input":{"@type":"PropertyValueSpecification","valueRequired":true,"valueName":"search_term_string"}}],"inLanguage":"de"},{"@type":"Organization","@id":"https:\/\/www.isabena.eu\/de\/#organization","name":"Camping Is\u00e1bena","alternateName":"Camping Is\u00e1bena","url":"https:\/\/www.isabena.eu\/de\/","logo":{"@type":"ImageObject","inLanguage":"de","@id":"https:\/\/www.isabena.eu\/de\/#\/schema\/logo\/image\/","url":"https:\/\/www.isabena.eu\/wp-content\/uploads\/2023\/06\/Logo-Color-cuadrado.png","contentUrl":"https:\/\/www.isabena.eu\/wp-content\/uploads\/2023\/06\/Logo-Color-cuadrado.png","width":314,"height":314,"caption":"Camping Is\u00e1bena"},"image":{"@id":"https:\/\/www.isabena.eu\/de\/#\/schema\/logo\/image\/"},"sameAs":["https:\/\/www.facebook.com\/Campingbungalparkisabena","https:\/\/x.com\/CampingIsbena","https:\/\/www.instagram.com\/camping_bungalowpark_isabena\/","https:\/\/www.youtube.com\/user\/CampingIsabena"]},{"@type":"Person","@id":"https:\/\/www.isabena.eu\/de\/#\/schema\/person\/5a8201f3c91d804b4ea492a22e9ec6b1","name":"Admin"}]}},"_links":{"self":[{"href":"https:\/\/www.isabena.eu\/de\/wp-json\/wp\/v2\/posts\/12448","targetHints":{"allow":["GET"]}}],"collection":[{"href":"https:\/\/www.isabena.eu\/de\/wp-json\/wp\/v2\/posts"}],"about":[{"href":"https:\/\/www.isabena.eu\/de\/wp-json\/wp\/v2\/types\/post"}],"author":[{"embeddable":true,"href":"https:\/\/www.isabena.eu\/de\/wp-json\/wp\/v2\/users\/2"}],"replies":[{"embeddable":true,"href":"https:\/\/www.isabena.eu\/de\/wp-json\/wp\/v2\/comments?post=12448"}],"version-history":[{"count":1,"href":"https:\/\/www.isabena.eu\/de\/wp-json\/wp\/v2\/posts\/12448\/revisions"}],"predecessor-version":[{"id":12450,"href":"https:\/\/www.isabena.eu\/de\/wp-json\/wp\/v2\/posts\/12448\/revisions\/12450"}],"wp:featuredmedia":[{"embeddable":true,"href":"https:\/\/www.isabena.eu\/de\/wp-json\/wp\/v2\/media\/12305"}],"wp:attachment":[{"href":"https:\/\/www.isabena.eu\/de\/wp-json\/wp\/v2\/media?parent=12448"}],"wp:term":[{"taxonomy":"category","embeddable":true,"href":"https:\/\/www.isabena.eu\/de\/wp-json\/wp\/v2\/categories?post=12448"},{"taxonomy":"post_tag","embeddable":true,"href":"https:\/\/www.isabena.eu\/de\/wp-json\/wp\/v2\/tags?post=12448"}],"curies":[{"name":"wp","href":"https:\/\/api.w.org\/{rel}","templated":true}]}}