{"id":12445,"date":"2024-05-10T07:35:15","date_gmt":"2024-05-10T05:35:15","guid":{"rendered":"https:\/\/www.isabena.eu\/descubre-el-mundo-de-las-vias-ferratas-en-el-pirineo-aragones\/"},"modified":"2024-05-31T12:16:00","modified_gmt":"2024-05-31T10:16:00","slug":"entdecken-sie-die-welt-der-klettersteige-in-den-aragonesischen-pyrenaeen","status":"publish","type":"post","link":"https:\/\/www.isabena.eu\/de\/entdecken-sie-die-welt-der-klettersteige-in-den-aragonesischen-pyrenaeen\/","title":{"rendered":"Entdecken Sie die Welt der Klettersteige in den aragonesischen Pyren\u00e4en"},"content":{"rendered":"\n<div style=\"height:30px\" aria-hidden=\"true\" class=\"wp-block-spacer\"><\/div>\n\n\n\n<p>Lieben Sie <strong>Abenteuer in der H\u00f6he<\/strong>? Willkommen am perfekten Ort f\u00fcr Sie!\u00a0 Auf dem <strong><a href=\"https:\/\/www.instagram.com\/camping_bungalowpark_isabena\/\">Campingplatz Is\u00e1bena<\/a><\/strong> helfen wir Ihnen bei der Planung ihrer Ausfl\u00fcge.<\/p>\n\n\n\n<p>Jetzt erfahren Sie alles,<strong> was Sie \u00fcber Klettersteige wissen m\u00fcssen, sowie unsere Liste mit Vorschl\u00e4gen mit faszinierenden M\u00f6glichkeiten in der N\u00e4he unserer Einrichtungen.<\/strong><\/p>\n\n\n\n<div style=\"height:30px\" aria-hidden=\"true\" class=\"wp-block-spacer\"><\/div>\n\n\n\n<h2 class=\"wp-block-heading\"><strong>Was sind Klettersteige?<\/strong><\/h2>\n\n\n\n<div style=\"height:30px\" aria-hidden=\"true\" class=\"wp-block-spacer\"><\/div>\n\n\n\n<p>Ein Klettersteig besteht aus <strong>einem Bergpfad, der sich sowohl vertikal als auch horizontal erstrecken kann und mit verschiedenen k\u00fcnstlichen Elementen wie Stufen, Handl\u00e4ufen, H\u00e4ngebr\u00fccken, Ketten oder Seilrutschen ausgestattet ist<\/strong>, die das Vorankommen und den Zugang zu Bereichen erleichtern, die f\u00fcr Nicht-Kletterer unzug\u00e4nglich sind.<\/p>\n\n\n\n<p>Um diese Aktivit\u00e4t sicher auszuf\u00fchren, ist es wichtig, Folgendes zu verwenden:<\/p>\n\n\n\n<div style=\"height:10px\" aria-hidden=\"true\" class=\"wp-block-spacer\"><\/div>\n\n\n\n<ul class=\"wp-block-list\">\n<li>Helm.<\/li>\n\n\n\n<li>Klettergeschirr.<\/li>\n\n\n\n<li>Ankerband.<\/li>\n\n\n\n<li>Energiedissipator (mit Karabinern, die entlang der Route an einem Stahlseil befestigt werden).<\/li>\n<\/ul>\n\n\n\n<div style=\"height:30px\" aria-hidden=\"true\" class=\"wp-block-spacer\"><\/div>\n\n\n\n<h2 class=\"wp-block-heading\"><strong><strong>Welche Schwierigkeitsgrade gibt es, um Klettersteige zu klassifizieren?<\/strong><\/strong><\/h2>\n\n\n\n<div style=\"height:30px\" aria-hidden=\"true\" class=\"wp-block-spacer\"><\/div>\n\n\n\n<p>Eduard H\u00fcsler \u2013 1944 in der Schweiz geboren und leidenschaftlicher Klettersteigforscher \u2013 erkannte, wie wichtig es ist, eine Klassifizierung zu erstellen, die es Abenteurern erm\u00f6glicht, die Komplexit\u00e4t dieser Routen einzusch\u00e4tzen. Er hielt mehrere Kriterien f\u00fcr sein System f\u00fcr wesentlich:<\/p>\n\n\n\n<div style=\"height:10px\" aria-hidden=\"true\" class=\"wp-block-spacer\"><\/div>\n\n\n\n<ol class=\"wp-block-list\" style=\"list-style-type:lower-alpha\">\n<li>K\u00f6rperliche Ausdauer.<\/li>\n\n\n\n<li>Erforderliche Kraft.<\/li>\n\n\n\n<li>Psychologische Faktoren.<\/li>\n\n\n\n<li>Erfahrung im Bergsteigen.<\/li>\n<\/ol>\n\n\n\n<div style=\"height:10px\" aria-hidden=\"true\" class=\"wp-block-spacer\"><\/div>\n\n\n\n<p>So f\u00fchrte er 2007 ein Bewertungssystem ein, das bis heute seinen Namen tr\u00e4gt: die <strong>H\u00fcsler-Skala, die Routen in sechs Schwierigkeitsgrade einteilt<\/strong>:<\/p>\n\n\n\n<div style=\"height:10px\" aria-hidden=\"true\" class=\"wp-block-spacer\"><\/div>\n\n\n\n<ul class=\"wp-block-list\">\n<li>K1: Ganz einfach.<\/li>\n\n\n\n<li>K2: M\u00e4\u00dfig leicht.<\/li>\n\n\n\n<li>K3: Herausfordernd.<\/li>\n\n\n\n<li>K4: Schwer.<\/li>\n\n\n\n<li>K5: Sehr schwierig.<\/li>\n\n\n\n<li>K6: Extrem schwierig.<\/li>\n<\/ul>\n\n\n\n<div style=\"height:10px\" aria-hidden=\"true\" class=\"wp-block-spacer\"><\/div>\n\n\n\n<p>Dies erm\u00f6glicht es, das damit verbundene Risiko und die technischen Voraussetzungen zu verstehen, die notwendig sind, um den Klettersteig in aller Ruhe genie\u00dfen zu k\u00f6nnen.<\/p>\n\n\n\n<div style=\"height:30px\" aria-hidden=\"true\" class=\"wp-block-spacer\"><\/div>\n\n\n\n<h2 class=\"wp-block-heading\"><strong>Welcher Klettersteig kann in den aragonesischen Pyren\u00e4en praktiziert werden?<\/strong><\/h2>\n\n\n\n<div style=\"height:30px\" aria-hidden=\"true\" class=\"wp-block-spacer\"><\/div>\n\n\n\n<p>Es gibt zahlreiche Alternativen, aber auf dem Campingplatz Is\u00e1bena haben wir f\u00fcnf Routen ausgew\u00e4hlt, die wir \u2013 dank des positiven Feedbacks, das wir von denjenigen erhalten haben, die wir bereits empfohlen haben \u2013 wir m\u00f6chten, dass Sie sie auch erleben.<\/p>\n\n\n\n<div style=\"height:20px\" aria-hidden=\"true\" class=\"wp-block-spacer\"><\/div>\n\n\n\n<h5 class=\"wp-block-heading\">Klettersteig Croqueta de Obarra \u2013 12 Autominuten vom Camping Is\u00e1bena entfernt<\/h5>\n\n\n\n<div style=\"height:10px\" aria-hidden=\"true\" class=\"wp-block-spacer\"><\/div>\n\n\n\n<p>Er befindet sich in Beranuy, am Fu\u00dfe der Stra\u00dfe, die zum Kloster von Obarra f\u00fchrt, und ist der Schwierigkeitsgrad (K4) und der erste im Is\u00e1bena-Tal, der zu einem Ihrer Favoriten geh\u00f6ren wird.<\/p>\n\n\n\n<div style=\"height:20px\" aria-hidden=\"true\" class=\"wp-block-spacer\"><\/div>\n\n\n\n<h5 class=\"wp-block-heading\">Klettersteig Pe\u00f1a del Morral \u2013 23 Autominuten vom Camping Is\u00e1bena entfernt<\/h5>\n\n\n\n<div style=\"height:10px\" aria-hidden=\"true\" class=\"wp-block-spacer\"><\/div>\n\n\n\n<p>Es befindet sich in Graus und ist als K1 (leicht) eingestuft. Es ist sehr interessant wegen der Landzunge, auf der es thront und die von der Skulptur eines Christus gekr\u00f6nt ist.<\/p>\n\n\n\n<div style=\"height:20px\" aria-hidden=\"true\" class=\"wp-block-spacer\"><\/div>\n\n\n\n<h5 class=\"wp-block-heading\">Klettersteig Tosal de Miravet \u2013 37 Autominuten vom Camping Is\u00e1bena entfernt<\/h5>\n\n\n\n<div style=\"height:10px\" aria-hidden=\"true\" class=\"wp-block-spacer\"><\/div>\n\n\n\n<p>Am Pont de Suert gibt es diese klug gestaltete M\u00f6glichkeit, die in drei Abschnitte mit jeweils eigenen\u00a0 unterteilt ist.<\/p>\n\n\n\n<div style=\"height:10px\" aria-hidden=\"true\" class=\"wp-block-spacer\"><\/div>\n\n\n\n<p>Der erste Teil (K3) ist f\u00fcr Anf\u00e4nger geeignet, aber die komplette Strecke zu absolvieren, erh\u00f6ht den Schwierigkeitsgrad aufgrund der L\u00e4nge und der Vielfalt an Hindernissen wie Br\u00fccken, einer Seilrutsche und Kletterabschnitten auf K4-Niveau.<\/p>\n\n\n\n<div style=\"height:20px\" aria-hidden=\"true\" class=\"wp-block-spacer\"><\/div>\n\n\n\n<h5 class=\"wp-block-heading\">Klettersteig Foradada del Toscar \u2013 38 Autominuten vom Camping Is\u00e1bena entfernt<\/h5>\n\n\n\n<div style=\"height:10px\" aria-hidden=\"true\" class=\"wp-block-spacer\"><\/div>\n\n\n\n<p>Er liegt in A\u00ednsa und hat ein Schwierigkeitsniveau (K4) und gilt als eine der wichtigsten Routen f\u00fcr Fans dieser Art von Aktivit\u00e4ten. Weil?<\/p>\n\n\n\n<div style=\"height:10px\" aria-hidden=\"true\" class=\"wp-block-spacer\"><\/div>\n\n\n\n<ul class=\"wp-block-list\">\n<li>Seine Ausdehnungen.<\/li>\n\n\n\n<li>Die Luftabschnitte.<\/li>\n\n\n\n<li>Seine abwechslungsreiche Strecke.<\/li>\n<\/ul>\n\n\n\n<div style=\"height:20px\" aria-hidden=\"true\" class=\"wp-block-spacer\"><\/div>\n\n\n\n<h5 class=\"wp-block-heading\">Klettersteig Castellaso in Sesue \u2013 51 Autominuten vom Camping Is\u00e1bena entfernt<\/h5>\n\n\n\n<div style=\"height:10px\" aria-hidden=\"true\" class=\"wp-block-spacer\"><\/div>\n\n\n\n<p>Der im Benasque-Tal gelegene Schwierigkeitsgrad ist mittelschwer und in einigen Abschnitten (K3) f\u00fcr Anf\u00e4nger geeignet.<\/p>\n\n\n\n<div style=\"height:10px\" aria-hidden=\"true\" class=\"wp-block-spacer\"><\/div>\n\n\n\n<p>Dabei handelt es sich um eine raffiniert gestaltete Route in einem alten Steinbruch, die mit mehreren leichten Kletterabschnitten beginnt und durch die Einbeziehung steilerer Passagen und ausgesetzter Bereiche allm\u00e4hlich an Schwierigkeit gewinnt.<\/p>\n\n\n\n<div style=\"height:30px\" aria-hidden=\"true\" class=\"wp-block-spacer\"><\/div>\n\n\n\n<figure class=\"wp-block-image size-large\"><img decoding=\"async\" width=\"1024\" height=\"683\" src=\"https:\/\/www.isabena.eu\/wp-content\/uploads\/2024\/05\/Vias-Ferratas-Pirineo-Aragones-2-1024x683.jpg\" alt=\"Klettersteige aragonesischen Pyren\u00e4en\" class=\"wp-image-12111\" srcset=\"https:\/\/www.isabena.eu\/wp-content\/uploads\/2024\/05\/Vias-Ferratas-Pirineo-Aragones-2-1024x683.jpg 1024w, https:\/\/www.isabena.eu\/wp-content\/uploads\/2024\/05\/Vias-Ferratas-Pirineo-Aragones-2-300x200.jpg 300w, https:\/\/www.isabena.eu\/wp-content\/uploads\/2024\/05\/Vias-Ferratas-Pirineo-Aragones-2-768x512.jpg 768w, https:\/\/www.isabena.eu\/wp-content\/uploads\/2024\/05\/Vias-Ferratas-Pirineo-Aragones-2-1536x1024.jpg 1536w, https:\/\/www.isabena.eu\/wp-content\/uploads\/2024\/05\/Vias-Ferratas-Pirineo-Aragones-2.jpg 1920w\" sizes=\"(max-width: 1024px) 100vw, 1024px\" \/><\/figure>\n\n\n\n<div style=\"height:30px\" aria-hidden=\"true\" class=\"wp-block-spacer\"><\/div>\n\n\n\n<h2 class=\"wp-block-heading\"><strong>Der Campingplatz in den aragonischen Pyren\u00e4en, den Sie gesucht haben<\/strong><\/h2>\n\n\n\n<div style=\"height:30px\" aria-hidden=\"true\" class=\"wp-block-spacer\"><\/div>\n\n\n\n<p>Welcher dieser Klettersteige wird dir am besten gefallen? Wir sind gespannt auf deine R\u00fcckmeldung!<\/p>\n\n\n\n<p>Wenn Sie noch keine Unterkunft f\u00fcr Ihren Sommerurlaub gebucht haben, ist es jetzt an der Zeit. Sie k\u00f6nnen dies direkt auf unserer <strong><a href=\"https:\/\/www.isabena.eu\/de\/\">Website<\/a><\/strong> tun oder indem Sie <strong><a href=\"https:\/\/www.isabena.eu\/de\/\">hier<\/a><\/strong> klicken. Wir\u00a0 warten dich!<\/p>\n","protected":false},"excerpt":{"rendered":"<p>Lieben Sie Abenteuer in der H\u00f6he? Willkommen am perfekten Ort f\u00fcr Sie!\u00a0 Auf dem Campingplatz Is\u00e1bena helfen wir Ihnen bei der Planung ihrer Ausfl\u00fcge. Jetzt erfahren Sie alles, was Sie \u00fcber Klettersteige wissen m\u00fcssen, sowie unsere Liste mit Vorschl\u00e4gen mit faszinierenden M\u00f6glichkeiten in der N\u00e4he unserer Einrichtungen. Was sind Klettersteige? Ein Klettersteig besteht aus einem&#8230; <a class=\"excerpt-read-more\" href=\"https:\/\/www.isabena.eu\/de\/entdecken-sie-die-welt-der-klettersteige-in-den-aragonesischen-pyrenaeen\/\" title=\"Read Entdecken Sie die Welt der Klettersteige in den aragonesischen Pyren\u00e4en\">Weiter &raquo;<\/a><\/p>\n","protected":false},"author":2,"featured_media":12110,"comment_status":"closed","ping_status":"closed","sticky":false,"template":"","format":"standard","meta":{"_acf_changed":false,"_joinchat":[],"footnotes":""},"categories":[18],"tags":[],"class_list":["post-12445","post","type-post","status-publish","format-standard","has-post-thumbnail","hentry","category-pyrenaen-camping"],"acf":[],"yoast_head":"<!-- This site is optimized with the Yoast SEO plugin v24.7 - https:\/\/yoast.com\/wordpress\/plugins\/seo\/ -->\n<title>Klettersteige in den aragonesischen Pyren\u00e4en - Camping Is\u00e1bena<\/title>\n<meta name=\"description\" content=\"Hier erfahren Sie alles, was Sie \u00fcber die Klettersteige in den aragonesischen Pyren\u00e4en wissen m\u00fcssen, also aufgepasst!\" \/>\n<meta name=\"robots\" content=\"index, follow, max-snippet:-1, max-image-preview:large, max-video-preview:-1\" \/>\n<link rel=\"canonical\" href=\"https:\/\/www.isabena.eu\/de\/entdecken-sie-die-welt-der-klettersteige-in-den-aragonesischen-pyrenaeen\/\" \/>\n<meta property=\"og:locale\" content=\"de_DE\" \/>\n<meta property=\"og:type\" content=\"article\" \/>\n<meta property=\"og:title\" content=\"Klettersteige in den aragonesischen Pyren\u00e4en - Camping Is\u00e1bena\" \/>\n<meta property=\"og:description\" content=\"Hier erfahren Sie alles, was Sie \u00fcber die Klettersteige in den aragonesischen Pyren\u00e4en wissen m\u00fcssen, also aufgepasst!\" \/>\n<meta property=\"og:url\" content=\"https:\/\/www.isabena.eu\/de\/entdecken-sie-die-welt-der-klettersteige-in-den-aragonesischen-pyrenaeen\/\" \/>\n<meta property=\"og:site_name\" content=\"Camping Is\u00e1bena\" \/>\n<meta property=\"article:publisher\" content=\"https:\/\/www.facebook.com\/Campingbungalparkisabena\" \/>\n<meta property=\"article:published_time\" content=\"2024-05-10T05:35:15+00:00\" \/>\n<meta property=\"article:modified_time\" content=\"2024-05-31T10:16:00+00:00\" \/>\n<meta property=\"og:image\" content=\"https:\/\/www.isabena.eu\/wp-content\/uploads\/2024\/05\/Vias-Ferratas-Pirineo-Aragones.jpg\" \/>\n\t<meta property=\"og:image:width\" content=\"1920\" \/>\n\t<meta property=\"og:image:height\" content=\"1285\" \/>\n\t<meta property=\"og:image:type\" content=\"image\/jpeg\" \/>\n<meta name=\"author\" content=\"Admin\" \/>\n<meta name=\"twitter:card\" content=\"summary_large_image\" \/>\n<meta name=\"twitter:creator\" content=\"@CampingIsbena\" \/>\n<meta name=\"twitter:site\" content=\"@CampingIsbena\" \/>\n<meta name=\"twitter:label1\" content=\"Verfasst von\" \/>\n\t<meta name=\"twitter:data1\" content=\"Admin\" \/>\n\t<meta name=\"twitter:label2\" content=\"Gesch\u00e4tzte Lesezeit\" \/>\n\t<meta name=\"twitter:data2\" content=\"4\u00a0Minuten\" \/>\n<!-- \/ Yoast SEO plugin. -->","yoast_head_json":{"title":"Klettersteige in den aragonesischen Pyren\u00e4en - Camping Is\u00e1bena","description":"Hier erfahren Sie alles, was Sie \u00fcber die Klettersteige in den aragonesischen Pyren\u00e4en wissen m\u00fcssen, also aufgepasst!","robots":{"index":"index","follow":"follow","max-snippet":"max-snippet:-1","max-image-preview":"max-image-preview:large","max-video-preview":"max-video-preview:-1"},"canonical":"https:\/\/www.isabena.eu\/de\/entdecken-sie-die-welt-der-klettersteige-in-den-aragonesischen-pyrenaeen\/","og_locale":"de_DE","og_type":"article","og_title":"Klettersteige in den aragonesischen Pyren\u00e4en - Camping Is\u00e1bena","og_description":"Hier erfahren Sie alles, was Sie \u00fcber die Klettersteige in den aragonesischen Pyren\u00e4en wissen m\u00fcssen, also aufgepasst!","og_url":"https:\/\/www.isabena.eu\/de\/entdecken-sie-die-welt-der-klettersteige-in-den-aragonesischen-pyrenaeen\/","og_site_name":"Camping Is\u00e1bena","article_publisher":"https:\/\/www.facebook.com\/Campingbungalparkisabena","article_published_time":"2024-05-10T05:35:15+00:00","article_modified_time":"2024-05-31T10:16:00+00:00","og_image":[{"width":1920,"height":1285,"url":"https:\/\/www.isabena.eu\/wp-content\/uploads\/2024\/05\/Vias-Ferratas-Pirineo-Aragones.jpg","type":"image\/jpeg"}],"author":"Admin","twitter_card":"summary_large_image","twitter_creator":"@CampingIsbena","twitter_site":"@CampingIsbena","twitter_misc":{"Verfasst von":"Admin","Gesch\u00e4tzte Lesezeit":"4\u00a0Minuten"},"schema":{"@context":"https:\/\/schema.org","@graph":[{"@type":"Article","@id":"https:\/\/www.isabena.eu\/de\/entdecken-sie-die-welt-der-klettersteige-in-den-aragonesischen-pyrenaeen\/#article","isPartOf":{"@id":"https:\/\/www.isabena.eu\/de\/entdecken-sie-die-welt-der-klettersteige-in-den-aragonesischen-pyrenaeen\/"},"author":{"name":"Admin","@id":"https:\/\/www.isabena.eu\/de\/#\/schema\/person\/5a8201f3c91d804b4ea492a22e9ec6b1"},"headline":"Entdecken Sie die Welt der Klettersteige in den aragonesischen Pyren\u00e4en","datePublished":"2024-05-10T05:35:15+00:00","dateModified":"2024-05-31T10:16:00+00:00","mainEntityOfPage":{"@id":"https:\/\/www.isabena.eu\/de\/entdecken-sie-die-welt-der-klettersteige-in-den-aragonesischen-pyrenaeen\/"},"wordCount":648,"publisher":{"@id":"https:\/\/www.isabena.eu\/de\/#organization"},"image":{"@id":"https:\/\/www.isabena.eu\/de\/entdecken-sie-die-welt-der-klettersteige-in-den-aragonesischen-pyrenaeen\/#primaryimage"},"thumbnailUrl":"https:\/\/www.isabena.eu\/wp-content\/uploads\/2024\/05\/Vias-Ferratas-Pirineo-Aragones.jpg","articleSection":["Pyren\u00e4en Camping"],"inLanguage":"de"},{"@type":"WebPage","@id":"https:\/\/www.isabena.eu\/de\/entdecken-sie-die-welt-der-klettersteige-in-den-aragonesischen-pyrenaeen\/","url":"https:\/\/www.isabena.eu\/de\/entdecken-sie-die-welt-der-klettersteige-in-den-aragonesischen-pyrenaeen\/","name":"Klettersteige in den aragonesischen Pyren\u00e4en - Camping Is\u00e1bena","isPartOf":{"@id":"https:\/\/www.isabena.eu\/de\/#website"},"primaryImageOfPage":{"@id":"https:\/\/www.isabena.eu\/de\/entdecken-sie-die-welt-der-klettersteige-in-den-aragonesischen-pyrenaeen\/#primaryimage"},"image":{"@id":"https:\/\/www.isabena.eu\/de\/entdecken-sie-die-welt-der-klettersteige-in-den-aragonesischen-pyrenaeen\/#primaryimage"},"thumbnailUrl":"https:\/\/www.isabena.eu\/wp-content\/uploads\/2024\/05\/Vias-Ferratas-Pirineo-Aragones.jpg","datePublished":"2024-05-10T05:35:15+00:00","dateModified":"2024-05-31T10:16:00+00:00","description":"Hier erfahren Sie alles, was Sie \u00fcber die Klettersteige in den aragonesischen Pyren\u00e4en wissen m\u00fcssen, also aufgepasst!","breadcrumb":{"@id":"https:\/\/www.isabena.eu\/de\/entdecken-sie-die-welt-der-klettersteige-in-den-aragonesischen-pyrenaeen\/#breadcrumb"},"inLanguage":"de","potentialAction":[{"@type":"ReadAction","target":["https:\/\/www.isabena.eu\/de\/entdecken-sie-die-welt-der-klettersteige-in-den-aragonesischen-pyrenaeen\/"]}]},{"@type":"ImageObject","inLanguage":"de","@id":"https:\/\/www.isabena.eu\/de\/entdecken-sie-die-welt-der-klettersteige-in-den-aragonesischen-pyrenaeen\/#primaryimage","url":"https:\/\/www.isabena.eu\/wp-content\/uploads\/2024\/05\/Vias-Ferratas-Pirineo-Aragones.jpg","contentUrl":"https:\/\/www.isabena.eu\/wp-content\/uploads\/2024\/05\/Vias-Ferratas-Pirineo-Aragones.jpg","width":1920,"height":1285,"caption":"V\u00edas ferratas pirineo aragon\u00e9s"},{"@type":"BreadcrumbList","@id":"https:\/\/www.isabena.eu\/de\/entdecken-sie-die-welt-der-klettersteige-in-den-aragonesischen-pyrenaeen\/#breadcrumb","itemListElement":[{"@type":"ListItem","position":1,"name":"Home","item":"https:\/\/www.isabena.eu\/de\/"},{"@type":"ListItem","position":2,"name":"Entdecken Sie die Welt der Klettersteige in den aragonesischen Pyren\u00e4en"}]},{"@type":"WebSite","@id":"https:\/\/www.isabena.eu\/de\/#website","url":"https:\/\/www.isabena.eu\/de\/","name":"Camping Is\u00e1bena","description":"Bienvenidos al Camping &amp; Bungalowpark Is\u00e1bena en La Puebla de Roda, en el sur de los Pirineos Centrales. Un camping acogedor con miles de actividades disponibles.","publisher":{"@id":"https:\/\/www.isabena.eu\/de\/#organization"},"alternateName":"Camping Is\u00e1bena","potentialAction":[{"@type":"SearchAction","target":{"@type":"EntryPoint","urlTemplate":"https:\/\/www.isabena.eu\/de\/?s={search_term_string}"},"query-input":{"@type":"PropertyValueSpecification","valueRequired":true,"valueName":"search_term_string"}}],"inLanguage":"de"},{"@type":"Organization","@id":"https:\/\/www.isabena.eu\/de\/#organization","name":"Camping Is\u00e1bena","alternateName":"Camping Is\u00e1bena","url":"https:\/\/www.isabena.eu\/de\/","logo":{"@type":"ImageObject","inLanguage":"de","@id":"https:\/\/www.isabena.eu\/de\/#\/schema\/logo\/image\/","url":"https:\/\/www.isabena.eu\/wp-content\/uploads\/2023\/06\/Logo-Color-cuadrado.png","contentUrl":"https:\/\/www.isabena.eu\/wp-content\/uploads\/2023\/06\/Logo-Color-cuadrado.png","width":314,"height":314,"caption":"Camping Is\u00e1bena"},"image":{"@id":"https:\/\/www.isabena.eu\/de\/#\/schema\/logo\/image\/"},"sameAs":["https:\/\/www.facebook.com\/Campingbungalparkisabena","https:\/\/x.com\/CampingIsbena","https:\/\/www.instagram.com\/camping_bungalowpark_isabena\/","https:\/\/www.youtube.com\/user\/CampingIsabena"]},{"@type":"Person","@id":"https:\/\/www.isabena.eu\/de\/#\/schema\/person\/5a8201f3c91d804b4ea492a22e9ec6b1","name":"Admin"}]}},"_links":{"self":[{"href":"https:\/\/www.isabena.eu\/de\/wp-json\/wp\/v2\/posts\/12445","targetHints":{"allow":["GET"]}}],"collection":[{"href":"https:\/\/www.isabena.eu\/de\/wp-json\/wp\/v2\/posts"}],"about":[{"href":"https:\/\/www.isabena.eu\/de\/wp-json\/wp\/v2\/types\/post"}],"author":[{"embeddable":true,"href":"https:\/\/www.isabena.eu\/de\/wp-json\/wp\/v2\/users\/2"}],"replies":[{"embeddable":true,"href":"https:\/\/www.isabena.eu\/de\/wp-json\/wp\/v2\/comments?post=12445"}],"version-history":[{"count":1,"href":"https:\/\/www.isabena.eu\/de\/wp-json\/wp\/v2\/posts\/12445\/revisions"}],"predecessor-version":[{"id":12447,"href":"https:\/\/www.isabena.eu\/de\/wp-json\/wp\/v2\/posts\/12445\/revisions\/12447"}],"wp:featuredmedia":[{"embeddable":true,"href":"https:\/\/www.isabena.eu\/de\/wp-json\/wp\/v2\/media\/12110"}],"wp:attachment":[{"href":"https:\/\/www.isabena.eu\/de\/wp-json\/wp\/v2\/media?parent=12445"}],"wp:term":[{"taxonomy":"category","embeddable":true,"href":"https:\/\/www.isabena.eu\/de\/wp-json\/wp\/v2\/categories?post=12445"},{"taxonomy":"post_tag","embeddable":true,"href":"https:\/\/www.isabena.eu\/de\/wp-json\/wp\/v2\/tags?post=12445"}],"curies":[{"name":"wp","href":"https:\/\/api.w.org\/{rel}","templated":true}]}}