{"id":11879,"date":"2024-04-15T09:28:32","date_gmt":"2024-04-15T07:28:32","guid":{"rendered":"https:\/\/www.isabena.eu\/los-mejores-planes-para-este-verano-2024-cerca-del-camping-isabena\/"},"modified":"2024-05-29T08:57:07","modified_gmt":"2024-05-29T06:57:07","slug":"die-besten-plaene-fuer-diesen-sommer-2024-in-der-naehe-von-camping-isabena","status":"publish","type":"post","link":"https:\/\/www.isabena.eu\/de\/die-besten-plaene-fuer-diesen-sommer-2024-in-der-naehe-von-camping-isabena\/","title":{"rendered":"Die besten Pl\u00e4ne f\u00fcr den Sommer 2024 bei Camping Is\u00e1bena"},"content":{"rendered":"\n<div style=\"height:30px\" aria-hidden=\"true\" class=\"wp-block-spacer\"><\/div>\n\n\n\n<p>Urlaub ist die perfekte Gelegenheit, um Outdoor-Aktivit\u00e4ten mit Unterhaltung zu verbinden, und auf unserem <strong><a href=\"https:\/\/www.instagram.com\/camping_bungalowpark_isabena\/\">Campingplatz in den aragonesischen Pyren\u00e4en<\/a><\/strong> freuen wir uns \u00fcber die Vielfalt der Aktivit\u00e4ten, die in diesem Sommer 2024 in der Region geplant sind.<\/p>\n\n\n\n<p>M\u00f6chten Sie ein unvergessliches Erlebnis erleben? Werfen Sie einen Blick auf die folgenden Vorschl\u00e4ge, die wir speziell f\u00fcr Sie ausgew\u00e4hlt haben.<\/p>\n\n\n\n<div style=\"height:30px\" aria-hidden=\"true\" class=\"wp-block-spacer\"><\/div>\n\n\n\n<h3 class=\"wp-block-heading\">Sommer 2024: Pl\u00e4ne in der Umgebung von Camping Is\u00e1bena<\/h3>\n\n\n\n<div style=\"height:30px\" aria-hidden=\"true\" class=\"wp-block-spacer\"><\/div>\n\n\n\n<ul class=\"wp-block-list\">\n<li><strong><u>Internationales Festival der Kulturen S\u00fcdliche Pyren\u00e4en \u2013 11.-28. Juli<\/u><\/strong><\/li>\n<\/ul>\n\n\n\n<div style=\"height:10px\" aria-hidden=\"true\" class=\"wp-block-spacer\"><\/div>\n\n\n\n<p>Dieses herausragende Festival, das im Sommer als <strong>eines der charmantesten Spaniens gilt<\/strong>, pr\u00e4sentiert in dieser Ausgabe ein Programm, das Auftritte renommierter K\u00fcnstler umfasst, wie zum Beispiel:<\/p>\n\n\n\n<ol class=\"wp-block-list\">\n<li>Bunbury.<\/li>\n\n\n\n<li>Duquende.<\/li>\n\n\n\n<li>DJ Javimar.<\/li>\n<\/ol>\n\n\n\n<p>Ein emblematisches kulturelles Ereignis, das in einer spektakul\u00e4ren Umgebung stattfinden wird: einem Stausee im Tena-Tal, zwischen Sallent de G\u00e1llego und Lanuza. Es findet auch eine Vielzahl von Aktivit\u00e4ten f\u00fcr Kinder und Erwachsene statt.<\/p>\n\n\n\n<div style=\"height:20px\" aria-hidden=\"true\" class=\"wp-block-spacer\"><\/div>\n\n\n\n<ul class=\"wp-block-list\">\n<li><strong><u>Feierlichkeiten von San Lorenzo \u2013 9.-15. August<\/u><\/strong><\/li>\n<\/ul>\n\n\n\n<div style=\"height:10px\" aria-hidden=\"true\" class=\"wp-block-spacer\"><\/div>\n\n\n\n<p>Bei der Fiesta de San Lorenzo in Huesca ist die ganze Stadt auf den <strong>Beinen in einer Feier, die Bewohner\u00a0 mit ihren Vorfahren, Wurzeln und Br\u00e4uchen verbindet.<\/strong><\/p>\n\n\n\n<p>Eine Woche lang wird sich niemand wie ein Au\u00dfenseiter f\u00fchlen, solange er in die wei\u00df-gr\u00fcne Flut eingetaucht ist, die ab Sonnenaufgang die Stra\u00dfen erobern wird. Das Basilikum, die T\u00e4nzer, die Mairalesas, die Pe\u00f1as und eine Vielzahl traditioneller Auff\u00fchrungen verleihen den besten Sommerfesten eine einzigartige Note.<\/p>\n\n\n\n<div style=\"height:20px\" aria-hidden=\"true\" class=\"wp-block-spacer\"><\/div>\n\n\n\n<ul class=\"wp-block-list\">\n<li><strong><u>3. Tag der typischen Tracht von Ansotan \u2013 25. August<\/u><\/strong><\/li>\n<\/ul>\n\n\n\n<div style=\"height:10px\" aria-hidden=\"true\" class=\"wp-block-spacer\"><\/div>\n\n\n\n<p>Anerkannt als <strong>Fest von nationalem touristischem Interesse<\/strong>, kleiden sich die Einwohner von Ans\u00f3 w\u00e4hrend dieser Veranstaltung in traditionelle Kost\u00fcme und stellen typische Szenen und Aufgaben vergangener Zeiten nach.<\/p>\n\n\n\n<p>Das Ansotano-Kost\u00fcm \u2013 das zentrale Element der Feier \u2013 ist eines der \u00e4ltesten, vielf\u00e4ltigsten und einzigartigsten Trachten Europas.<\/p>\n\n\n\n<div style=\"height:20px\" aria-hidden=\"true\" class=\"wp-block-spacer\"><\/div>\n\n\n\n<ul class=\"wp-block-list\">\n<li><strong><u>4. La Morisma de A\u00ednsa \u2013 25. August<\/u><\/strong><\/li>\n<\/ul>\n\n\n\n<div style=\"height:10px\" aria-hidden=\"true\" class=\"wp-block-spacer\"><\/div>\n\n\n\n<p>Der Morisma ist eine <strong>Theaterauff\u00fchrung, die den Sieg von K\u00f6nig Garc\u00eda Jim\u00e9nez \u00fcber die Sarazenen dramatisiert<\/strong> und ein wundersames Feuerkreuz hervorhebt, das die Truppen inspirierte und auf dem Wappen von Aragon erscheint.<\/p>\n\n\n\n<p>Dieses symbolische Werk, das reich an Elementen des Guten gegen das B\u00f6se ist, wird in Versen pr\u00e4sentiert und beh\u00e4lt seine ethnographische Bedeutung durch seine m\u00fcndliche \u00dcberlieferung, die urspr\u00fcnglich in aragonesischer Mundart verfasst wurde.<\/p>\n\n\n\n<p>Es handelt sich um ein Kulturfestival, das in geraden Jahren auf der Plaza Porticada de A\u00ednsa stattfindet. Es wird die meisten Einwohner einbeziehen, die historische und mythische Figuren spielen und Hunderte von Besuchern anziehen werden.<\/p>\n\n\n\n<div style=\"height:30px\" aria-hidden=\"true\" class=\"wp-block-spacer\"><\/div>\n\n\n\n<p>Bevorzugen <strong>Sie sportliche Aktivit\u00e4ten<\/strong>? Es gibt eine Vielzahl von M\u00f6glichkeiten, um die herrliche Natur der aragonesischen Pyren\u00e4en zu erkunden und gleichzeitig ihre tiefe Geschichte und Kultur zu genie\u00dfen<\/p>\n\n\n\n<ol class=\"wp-block-list\" style=\"list-style-type:lower-alpha\">\n<li>Rafting auf der Strecke Campo \u2013 Santaliestra.<\/li>\n\n\n\n<li>Mountainbiken in der Anlage \u00b4Zona Zero\u00b4 von A\u00ednsa.<\/li>\n\n\n\n<li>Wandern im Nationalpark Ordesa y Monte Perdido.<\/li>\n<\/ol>\n\n\n\n<p>Und vieles mehr!<\/p>\n\n\n\n<div style=\"height:40px\" aria-hidden=\"true\" class=\"wp-block-spacer\"><\/div>\n\n\n\n<figure class=\"wp-block-image size-large\"><img decoding=\"async\" width=\"1024\" height=\"603\" src=\"https:\/\/www.isabena.eu\/wp-content\/uploads\/2024\/04\/Camping-Pirineo-Aragones-1024x603.jpg\" alt=\"Campingplatz in den aragonesischen Pyren\u00e4en \" class=\"wp-image-11826\" srcset=\"https:\/\/www.isabena.eu\/wp-content\/uploads\/2024\/04\/Camping-Pirineo-Aragones-1024x603.jpg 1024w, https:\/\/www.isabena.eu\/wp-content\/uploads\/2024\/04\/Camping-Pirineo-Aragones-300x177.jpg 300w, https:\/\/www.isabena.eu\/wp-content\/uploads\/2024\/04\/Camping-Pirineo-Aragones-768x452.jpg 768w, https:\/\/www.isabena.eu\/wp-content\/uploads\/2024\/04\/Camping-Pirineo-Aragones.jpg 1512w\" sizes=\"(max-width: 1024px) 100vw, 1024px\" \/><\/figure>\n\n\n\n<div style=\"height:40px\" aria-hidden=\"true\" class=\"wp-block-spacer\"><\/div>\n\n\n\n<h3 class=\"wp-block-heading\"><strong>Der Campingplatz in den aragonesischen Pyren\u00e4en<\/strong><\/h3>\n\n\n\n<div style=\"height:30px\" aria-hidden=\"true\" class=\"wp-block-spacer\"><\/div>\n\n\n\n<p>Haben Sie Ihren Urlaub f\u00fcr diesen Sommer auf dem <strong><a href=\"https:\/\/www.instagram.com\/camping_bungalowpark_isabena\/\">Campingplatz Is\u00e1bena<\/a><\/strong> noch nicht gebucht? Dank unserer fundierten Ortskenntnis empfehlen wir Ihnen gerne die Pl\u00e4ne, die Ihrem Geschmack am besten entsprechen.<\/p>\n\n\n\n<p>Dar\u00fcber hinaus bieten wir Ihnen:<\/p>\n\n\n\n<ul class=\"wp-block-list\">\n<li><strong><a href=\"https:\/\/www.isabena.eu\/de\/unterkunft\/#bungalow\">Bungalows<\/a><\/strong>.<\/li>\n\n\n\n<li><strong><a href=\"https:\/\/www.isabena.eu\/de\/unterkunft\/#mobile-home\">Mobilheime.<\/a><\/strong><\/li>\n\n\n\n<li><strong><a href=\"https:\/\/www.isabena.eu\/de\/unterkunft\/#cabana-de-madera\">Holzh\u00e4user<\/a><\/strong>.<\/li>\n\n\n\n<li><strong><a href=\"https:\/\/www.isabena.eu\/de\/unterkunft\/#parcela\">Ferienvillen in verschiedenen Gr\u00f6\u00dfen<\/a><\/strong>.<\/li>\n<\/ul>\n\n\n\n<p>Z\u00f6gern Sie nicht, uns zu <strong><a href=\"https:\/\/www.isabena.eu\/de\/kontakt\/\">kontaktieren<\/a><\/strong> oder Ihren Aufenthalt auf unserem <strong><a href=\"https:\/\/www.instagram.com\/camping_bungalowpark_isabena\/\">Campingplatz in den Pyren\u00e4en<\/a><\/strong> zu buchen<\/p>\n","protected":false},"excerpt":{"rendered":"<p>Urlaub ist die perfekte Gelegenheit, um Outdoor-Aktivit\u00e4ten mit Unterhaltung zu verbinden, und auf unserem Campingplatz in den aragonesischen Pyren\u00e4en freuen wir uns \u00fcber die Vielfalt der Aktivit\u00e4ten, die in diesem Sommer 2024 in der Region geplant sind. M\u00f6chten Sie ein unvergessliches Erlebnis erleben? Werfen Sie einen Blick auf die folgenden Vorschl\u00e4ge, die wir speziell f\u00fcr&#8230; <a class=\"excerpt-read-more\" href=\"https:\/\/www.isabena.eu\/de\/die-besten-plaene-fuer-diesen-sommer-2024-in-der-naehe-von-camping-isabena\/\" title=\"Read Die besten Pl\u00e4ne f\u00fcr den Sommer 2024 bei Camping Is\u00e1bena\">Weiter &raquo;<\/a><\/p>\n","protected":false},"author":2,"featured_media":11835,"comment_status":"closed","ping_status":"closed","sticky":false,"template":"","format":"standard","meta":{"_acf_changed":false,"_joinchat":[],"footnotes":""},"categories":[18],"tags":[],"class_list":["post-11879","post","type-post","status-publish","format-standard","has-post-thumbnail","hentry","category-pyrenaen-camping"],"acf":[],"yoast_head":"<!-- This site is optimized with the Yoast SEO plugin v24.7 - https:\/\/yoast.com\/wordpress\/plugins\/seo\/ -->\n<title>Ein unvergesslicher Sommer in Aragonien - Camping Is\u00e1bena<\/title>\n<meta name=\"description\" content=\"M\u00f6chten Sie eine unvergessliche Erfahrung auf unserem Campingplatz in den aragonesischen Pyren\u00e4en machen? Wir haben diese Vorschl\u00e4ge f\u00fcr Sie ausgew\u00e4hlt.\" \/>\n<meta name=\"robots\" content=\"index, follow, max-snippet:-1, max-image-preview:large, max-video-preview:-1\" \/>\n<link rel=\"canonical\" href=\"https:\/\/www.isabena.eu\/de\/die-besten-plaene-fuer-diesen-sommer-2024-in-der-naehe-von-camping-isabena\/\" \/>\n<meta property=\"og:locale\" content=\"de_DE\" \/>\n<meta property=\"og:type\" content=\"article\" \/>\n<meta property=\"og:title\" content=\"Ein unvergesslicher Sommer in Aragonien - Camping Is\u00e1bena\" \/>\n<meta property=\"og:description\" content=\"M\u00f6chten Sie eine unvergessliche Erfahrung auf unserem Campingplatz in den aragonesischen Pyren\u00e4en machen? Wir haben diese Vorschl\u00e4ge f\u00fcr Sie ausgew\u00e4hlt.\" \/>\n<meta property=\"og:url\" content=\"https:\/\/www.isabena.eu\/de\/die-besten-plaene-fuer-diesen-sommer-2024-in-der-naehe-von-camping-isabena\/\" \/>\n<meta property=\"og:site_name\" content=\"Camping Is\u00e1bena\" \/>\n<meta property=\"article:publisher\" content=\"https:\/\/www.facebook.com\/Campingbungalparkisabena\" \/>\n<meta property=\"article:published_time\" content=\"2024-04-15T07:28:32+00:00\" \/>\n<meta property=\"article:modified_time\" content=\"2024-05-29T06:57:07+00:00\" \/>\n<meta property=\"og:image\" content=\"https:\/\/www.isabena.eu\/wp-content\/uploads\/2024\/04\/Camping-Pirineo-Aragones-2.jpg\" \/>\n\t<meta property=\"og:image:width\" content=\"1000\" \/>\n\t<meta property=\"og:image:height\" content=\"563\" \/>\n\t<meta property=\"og:image:type\" content=\"image\/jpeg\" \/>\n<meta name=\"author\" content=\"Admin\" \/>\n<meta name=\"twitter:card\" content=\"summary_large_image\" \/>\n<meta name=\"twitter:creator\" content=\"@CampingIsbena\" \/>\n<meta name=\"twitter:site\" content=\"@CampingIsbena\" \/>\n<meta name=\"twitter:label1\" content=\"Verfasst von\" \/>\n\t<meta name=\"twitter:data1\" content=\"Admin\" \/>\n\t<meta name=\"twitter:label2\" content=\"Gesch\u00e4tzte Lesezeit\" \/>\n\t<meta name=\"twitter:data2\" content=\"3\u00a0Minuten\" \/>\n<!-- \/ Yoast SEO plugin. -->","yoast_head_json":{"title":"Ein unvergesslicher Sommer in Aragonien - Camping Is\u00e1bena","description":"M\u00f6chten Sie eine unvergessliche Erfahrung auf unserem Campingplatz in den aragonesischen Pyren\u00e4en machen? Wir haben diese Vorschl\u00e4ge f\u00fcr Sie ausgew\u00e4hlt.","robots":{"index":"index","follow":"follow","max-snippet":"max-snippet:-1","max-image-preview":"max-image-preview:large","max-video-preview":"max-video-preview:-1"},"canonical":"https:\/\/www.isabena.eu\/de\/die-besten-plaene-fuer-diesen-sommer-2024-in-der-naehe-von-camping-isabena\/","og_locale":"de_DE","og_type":"article","og_title":"Ein unvergesslicher Sommer in Aragonien - Camping Is\u00e1bena","og_description":"M\u00f6chten Sie eine unvergessliche Erfahrung auf unserem Campingplatz in den aragonesischen Pyren\u00e4en machen? Wir haben diese Vorschl\u00e4ge f\u00fcr Sie ausgew\u00e4hlt.","og_url":"https:\/\/www.isabena.eu\/de\/die-besten-plaene-fuer-diesen-sommer-2024-in-der-naehe-von-camping-isabena\/","og_site_name":"Camping Is\u00e1bena","article_publisher":"https:\/\/www.facebook.com\/Campingbungalparkisabena","article_published_time":"2024-04-15T07:28:32+00:00","article_modified_time":"2024-05-29T06:57:07+00:00","og_image":[{"width":1000,"height":563,"url":"https:\/\/www.isabena.eu\/wp-content\/uploads\/2024\/04\/Camping-Pirineo-Aragones-2.jpg","type":"image\/jpeg"}],"author":"Admin","twitter_card":"summary_large_image","twitter_creator":"@CampingIsbena","twitter_site":"@CampingIsbena","twitter_misc":{"Verfasst von":"Admin","Gesch\u00e4tzte Lesezeit":"3\u00a0Minuten"},"schema":{"@context":"https:\/\/schema.org","@graph":[{"@type":"Article","@id":"https:\/\/www.isabena.eu\/de\/die-besten-plaene-fuer-diesen-sommer-2024-in-der-naehe-von-camping-isabena\/#article","isPartOf":{"@id":"https:\/\/www.isabena.eu\/de\/die-besten-plaene-fuer-diesen-sommer-2024-in-der-naehe-von-camping-isabena\/"},"author":{"name":"Admin","@id":"https:\/\/www.isabena.eu\/de\/#\/schema\/person\/5a8201f3c91d804b4ea492a22e9ec6b1"},"headline":"Die besten Pl\u00e4ne f\u00fcr den Sommer 2024 bei Camping Is\u00e1bena","datePublished":"2024-04-15T07:28:32+00:00","dateModified":"2024-05-29T06:57:07+00:00","mainEntityOfPage":{"@id":"https:\/\/www.isabena.eu\/de\/die-besten-plaene-fuer-diesen-sommer-2024-in-der-naehe-von-camping-isabena\/"},"wordCount":554,"publisher":{"@id":"https:\/\/www.isabena.eu\/de\/#organization"},"image":{"@id":"https:\/\/www.isabena.eu\/de\/die-besten-plaene-fuer-diesen-sommer-2024-in-der-naehe-von-camping-isabena\/#primaryimage"},"thumbnailUrl":"https:\/\/www.isabena.eu\/wp-content\/uploads\/2024\/04\/Camping-Pirineo-Aragones-2.jpg","articleSection":["Pyren\u00e4en Camping"],"inLanguage":"de"},{"@type":"WebPage","@id":"https:\/\/www.isabena.eu\/de\/die-besten-plaene-fuer-diesen-sommer-2024-in-der-naehe-von-camping-isabena\/","url":"https:\/\/www.isabena.eu\/de\/die-besten-plaene-fuer-diesen-sommer-2024-in-der-naehe-von-camping-isabena\/","name":"Ein unvergesslicher Sommer in Aragonien - Camping Is\u00e1bena","isPartOf":{"@id":"https:\/\/www.isabena.eu\/de\/#website"},"primaryImageOfPage":{"@id":"https:\/\/www.isabena.eu\/de\/die-besten-plaene-fuer-diesen-sommer-2024-in-der-naehe-von-camping-isabena\/#primaryimage"},"image":{"@id":"https:\/\/www.isabena.eu\/de\/die-besten-plaene-fuer-diesen-sommer-2024-in-der-naehe-von-camping-isabena\/#primaryimage"},"thumbnailUrl":"https:\/\/www.isabena.eu\/wp-content\/uploads\/2024\/04\/Camping-Pirineo-Aragones-2.jpg","datePublished":"2024-04-15T07:28:32+00:00","dateModified":"2024-05-29T06:57:07+00:00","description":"M\u00f6chten Sie eine unvergessliche Erfahrung auf unserem Campingplatz in den aragonesischen Pyren\u00e4en machen? Wir haben diese Vorschl\u00e4ge f\u00fcr Sie ausgew\u00e4hlt.","breadcrumb":{"@id":"https:\/\/www.isabena.eu\/de\/die-besten-plaene-fuer-diesen-sommer-2024-in-der-naehe-von-camping-isabena\/#breadcrumb"},"inLanguage":"de","potentialAction":[{"@type":"ReadAction","target":["https:\/\/www.isabena.eu\/de\/die-besten-plaene-fuer-diesen-sommer-2024-in-der-naehe-von-camping-isabena\/"]}]},{"@type":"ImageObject","inLanguage":"de","@id":"https:\/\/www.isabena.eu\/de\/die-besten-plaene-fuer-diesen-sommer-2024-in-der-naehe-von-camping-isabena\/#primaryimage","url":"https:\/\/www.isabena.eu\/wp-content\/uploads\/2024\/04\/Camping-Pirineo-Aragones-2.jpg","contentUrl":"https:\/\/www.isabena.eu\/wp-content\/uploads\/2024\/04\/Camping-Pirineo-Aragones-2.jpg","width":1000,"height":563,"caption":"Camping Pirineo Aragon\u00e9s"},{"@type":"BreadcrumbList","@id":"https:\/\/www.isabena.eu\/de\/die-besten-plaene-fuer-diesen-sommer-2024-in-der-naehe-von-camping-isabena\/#breadcrumb","itemListElement":[{"@type":"ListItem","position":1,"name":"Home","item":"https:\/\/www.isabena.eu\/de\/"},{"@type":"ListItem","position":2,"name":"Die besten Pl\u00e4ne f\u00fcr den Sommer 2024 bei Camping Is\u00e1bena"}]},{"@type":"WebSite","@id":"https:\/\/www.isabena.eu\/de\/#website","url":"https:\/\/www.isabena.eu\/de\/","name":"Camping Is\u00e1bena","description":"Bienvenidos al Camping &amp; Bungalowpark Is\u00e1bena en La Puebla de Roda, en el sur de los Pirineos Centrales. Un camping acogedor con miles de actividades disponibles.","publisher":{"@id":"https:\/\/www.isabena.eu\/de\/#organization"},"alternateName":"Camping Is\u00e1bena","potentialAction":[{"@type":"SearchAction","target":{"@type":"EntryPoint","urlTemplate":"https:\/\/www.isabena.eu\/de\/?s={search_term_string}"},"query-input":{"@type":"PropertyValueSpecification","valueRequired":true,"valueName":"search_term_string"}}],"inLanguage":"de"},{"@type":"Organization","@id":"https:\/\/www.isabena.eu\/de\/#organization","name":"Camping Is\u00e1bena","alternateName":"Camping Is\u00e1bena","url":"https:\/\/www.isabena.eu\/de\/","logo":{"@type":"ImageObject","inLanguage":"de","@id":"https:\/\/www.isabena.eu\/de\/#\/schema\/logo\/image\/","url":"https:\/\/www.isabena.eu\/wp-content\/uploads\/2023\/06\/Logo-Color-cuadrado.png","contentUrl":"https:\/\/www.isabena.eu\/wp-content\/uploads\/2023\/06\/Logo-Color-cuadrado.png","width":314,"height":314,"caption":"Camping Is\u00e1bena"},"image":{"@id":"https:\/\/www.isabena.eu\/de\/#\/schema\/logo\/image\/"},"sameAs":["https:\/\/www.facebook.com\/Campingbungalparkisabena","https:\/\/x.com\/CampingIsbena","https:\/\/www.instagram.com\/camping_bungalowpark_isabena\/","https:\/\/www.youtube.com\/user\/CampingIsabena"]},{"@type":"Person","@id":"https:\/\/www.isabena.eu\/de\/#\/schema\/person\/5a8201f3c91d804b4ea492a22e9ec6b1","name":"Admin"}]}},"_links":{"self":[{"href":"https:\/\/www.isabena.eu\/de\/wp-json\/wp\/v2\/posts\/11879","targetHints":{"allow":["GET"]}}],"collection":[{"href":"https:\/\/www.isabena.eu\/de\/wp-json\/wp\/v2\/posts"}],"about":[{"href":"https:\/\/www.isabena.eu\/de\/wp-json\/wp\/v2\/types\/post"}],"author":[{"embeddable":true,"href":"https:\/\/www.isabena.eu\/de\/wp-json\/wp\/v2\/users\/2"}],"replies":[{"embeddable":true,"href":"https:\/\/www.isabena.eu\/de\/wp-json\/wp\/v2\/comments?post=11879"}],"version-history":[{"count":2,"href":"https:\/\/www.isabena.eu\/de\/wp-json\/wp\/v2\/posts\/11879\/revisions"}],"predecessor-version":[{"id":12420,"href":"https:\/\/www.isabena.eu\/de\/wp-json\/wp\/v2\/posts\/11879\/revisions\/12420"}],"wp:featuredmedia":[{"embeddable":true,"href":"https:\/\/www.isabena.eu\/de\/wp-json\/wp\/v2\/media\/11835"}],"wp:attachment":[{"href":"https:\/\/www.isabena.eu\/de\/wp-json\/wp\/v2\/media?parent=11879"}],"wp:term":[{"taxonomy":"category","embeddable":true,"href":"https:\/\/www.isabena.eu\/de\/wp-json\/wp\/v2\/categories?post=11879"},{"taxonomy":"post_tag","embeddable":true,"href":"https:\/\/www.isabena.eu\/de\/wp-json\/wp\/v2\/tags?post=11879"}],"curies":[{"name":"wp","href":"https:\/\/api.w.org\/{rel}","templated":true}]}}