{"id":11872,"date":"2024-04-05T08:28:32","date_gmt":"2024-04-05T06:28:32","guid":{"rendered":"https:\/\/www.isabena.eu\/vacaciones-en-el-camping-isabena-la-opcion-perfecta-para-los-ninos-aventureros\/"},"modified":"2024-05-29T08:59:43","modified_gmt":"2024-05-29T06:59:43","slug":"urlaub-auf-camping-isabena-die-perfekte-option-fuer-abenteuerlustige-kinder","status":"publish","type":"post","link":"https:\/\/www.isabena.eu\/de\/urlaub-auf-camping-isabena-die-perfekte-option-fuer-abenteuerlustige-kinder\/","title":{"rendered":"Camping Is\u00e1bena: die perfekte Wahl f\u00fcr Ferien mit Kindern"},"content":{"rendered":"\n<div style=\"height:40px\" aria-hidden=\"true\" class=\"wp-block-spacer\"><\/div>\n\n\n\n<p>Der Countdown beginnt, den Sommer willkommen zu hei\u00dfen! Und damit der lang ersehnte Urlaub. Sicherlich sind sowohl Erwachsene als auch Jugendliche gespannt darauf, alle Aktivit\u00e4ten zu erleben, die wir auf <strong><a href=\"https:\/\/www.instagram.com\/camping_bungalowpark_isabena\/\">Camping Is\u00e1bena<\/a><\/strong> f\u00fcr verschiedene Altersgruppen vorbereitet haben.<\/p>\n\n\n\n<p>Sie fragen sich immer noch, ob unsere Einrichtungen der ideale Ort f\u00fcr kleine Abenteurer sind? Wir laden Sie ein, diesen neuen Blogeintrag zu lesen, um alle Ihre Bedenken auszur\u00e4umen.<\/p>\n\n\n\n<div style=\"height:30px\" aria-hidden=\"true\" class=\"wp-block-spacer\"><\/div>\n\n\n\n<h2 class=\"wp-block-heading\"><strong>Urlaub mit Kinder auf Camping Is\u00e1bena<\/strong><\/h2>\n\n\n\n<div style=\"height:30px\" aria-hidden=\"true\" class=\"wp-block-spacer\"><\/div>\n\n\n\n<p>Es gibt viele M\u00f6glichkeiten, wie die Kleinen einen bereichernden Aufenthalt inmitten der Natur genie\u00dfen k\u00f6nnen. Zwischen ihnen:<\/p>\n\n\n\n<div style=\"height:20px\" aria-hidden=\"true\" class=\"wp-block-spacer\"><\/div>\n\n\n\n<h5 class=\"wp-block-heading\">Genie\u00dfen Sie k\u00f6stliche K\u00fcche<\/h5>\n\n\n\n<div style=\"height:15px\" aria-hidden=\"true\" class=\"wp-block-spacer\"><\/div>\n\n\n\n<p>Unsere <strong><a href=\"https:\/\/www.isabena.eu\/de\/umgebung-und-dienstleistungen\/#bar-restaurante\">Bar und unser Restaurant<\/a><\/strong> sind der perfekte Ort, um den Tag voller Energie zu beginnen. Jeden Morgen bieten wir ein Buffet an, bei dem wir speziell auf die Vorlieben und Bed\u00fcrfnisse der Kinder R\u00fccksicht genommen haben.<\/p>\n\n\n\n<p>Unser Angebot umfasst:<\/p>\n\n\n\n<div style=\"height:5px\" aria-hidden=\"true\" class=\"wp-block-spacer\"><\/div>\n\n\n\n<ul class=\"wp-block-list\">\n<li>Frisch im Ofen gebackenes Brot.<\/li>\n\n\n\n<li>Croissants.<\/li>\n\n\n\n<li>Schokoladen Croissants.<\/li>\n<\/ul>\n\n\n\n<div style=\"height:5px\" aria-hidden=\"true\" class=\"wp-block-spacer\"><\/div>\n\n\n\n<p>Und vieles mehr!<\/p>\n\n\n\n<div style=\"height:5px\" aria-hidden=\"true\" class=\"wp-block-spacer\"><\/div>\n\n\n\n<p>Mittags bieten wir Ihnen eine Speisekarte mit drei erlesenen Gerichten und einer Auswahl an \u00c0-la-carte-Gerichten. F\u00fcr Tage voller Spiele oder Aktivit\u00e4ten, an denen Sie nicht sitzen und essen k\u00f6nnen, bieten wir auch Alternativen zum Mitnehmen an.<\/p>\n\n\n\n<p>Abends bereiten wir Abendessen mit einer Auswahl an warmen und kalten Tapas zu, perfekt vor den Kinderabendveranstaltungen, die wir normalerweise organisieren.<\/p>\n\n\n\n<div style=\"height:20px\" aria-hidden=\"true\" class=\"wp-block-spacer\"><\/div>\n\n\n\n<h5 class=\"wp-block-heading\">Spielen Sie in den umfangreichen Sport- und Freizeiteinrichtungen<\/h5>\n\n\n\n<div style=\"height:15px\" aria-hidden=\"true\" class=\"wp-block-spacer\"><\/div>\n\n\n\n<p>Ein <strong>Fu\u00dfballplatz im Herzen der spanischen Pyren\u00e4en<\/strong>? Wir haben es!<\/p>\n\n\n\n<p>Dar\u00fcber hinaus verf\u00fcgen wir \u00fcber eine gro\u00dfe Schach- und Tischtennisplatte f\u00fcr Unterhaltung f\u00fcr die ganze Familie.<\/p>\n\n\n\n<p>In den Monaten Juli und August nutzen wir diese R\u00e4ume, um Aktivit\u00e4ten f\u00fcr die Kleinen zu organisieren, wie zum Beispiel Bastelworkshops oder Sportturniere.<\/p>\n\n\n\n<div style=\"height:20px\" aria-hidden=\"true\" class=\"wp-block-spacer\"><\/div>\n\n\n\n<h5 class=\"wp-block-heading\">Erfrischen Sie sich im gro\u00dfen Pool<\/h5>\n\n\n\n<div style=\"height:15px\" aria-hidden=\"true\" class=\"wp-block-spacer\"><\/div>\n\n\n\n<p>Wir verf\u00fcgen \u00fcber ein beeindruckendes Schwimmbad mit modernem Design, ausgestattet mit flachen und beleuchteten Bereichen, die speziell daf\u00fcr konzipiert sind, dass Kinder problemlos baden k\u00f6nnen.<\/p>\n\n\n\n<p>Dieser Raum wird umgestaltet, um n\u00e4chtliche Veranstaltungen f\u00fcr ein j\u00fcngeres Publikum auszurichten, beispielsweise Feiern mit Musik und Wasserunterhaltung.<\/p>\n\n\n\n<div style=\"height:30px\" aria-hidden=\"true\" class=\"wp-block-spacer\"><\/div>\n\n\n\n<figure class=\"wp-block-image size-full\"><img decoding=\"async\" width=\"800\" height=\"600\" src=\"https:\/\/www.isabena.eu\/wp-content\/uploads\/2024\/04\/Camping-con-ninos.jpg\" alt=\"Camping Kinder\" class=\"wp-image-11582\" srcset=\"https:\/\/www.isabena.eu\/wp-content\/uploads\/2024\/04\/Camping-con-ninos.jpg 800w, https:\/\/www.isabena.eu\/wp-content\/uploads\/2024\/04\/Camping-con-ninos-300x225.jpg 300w, https:\/\/www.isabena.eu\/wp-content\/uploads\/2024\/04\/Camping-con-ninos-768x576.jpg 768w\" sizes=\"(max-width: 800px) 100vw, 800px\" \/><\/figure>\n\n\n\n<div style=\"height:30px\" aria-hidden=\"true\" class=\"wp-block-spacer\"><\/div>\n\n\n\n<h2 class=\"wp-block-heading\"><strong>Ein Campingplatz f\u00fcr die ganze Familie<\/strong><\/h2>\n\n\n\n<div style=\"height:30px\" aria-hidden=\"true\" class=\"wp-block-spacer\"><\/div>\n\n\n\n<p>Wir hoffen, dass wir alle Ihre Zweifel ausger\u00e4umt haben und dass Sie die Entscheidung getroffen haben, Ihren n\u00e4chsten Familienurlaub auf <strong><a href=\"https:\/\/www.instagram.com\/camping_bungalowpark_isabena\/\">Camping Is\u00e1bena<\/a><\/strong> zu buchen.<\/p>\n\n\n\n<p>Wir stellen Ihnen verschiedene Arten von Unterk\u00fcnften zur Verf\u00fcgung:<\/p>\n\n\n\n<div style=\"height:5px\" aria-hidden=\"true\" class=\"wp-block-spacer\"><\/div>\n\n\n\n<ol class=\"wp-block-list\">\n<li>Ferienchalets in verschiedenen Gr\u00f6\u00dfen.<\/li>\n\n\n\n<li><strong><a href=\"https:\/\/www.isabena.eu\/de\/unterkunft\/#bungalow\">Bungalows<\/a><\/strong>.<\/li>\n\n\n\n<li><strong><a href=\"https:\/\/www.isabena.eu\/de\/unterkunft\/#mobile-home\">Mobilheime<\/a><\/strong>.<\/li>\n\n\n\n<li><strong><a href=\"https:\/\/www.isabena.eu\/de\/unterkunft\/#cabana-de-madera\">Holzh\u00e4user<\/a><\/strong>.<\/li>\n<\/ol>\n\n\n\n<div style=\"height:5px\" aria-hidden=\"true\" class=\"wp-block-spacer\"><\/div>\n\n\n\n<p>Z\u00f6gern Sie nicht, uns zu <strong><a href=\"https:\/\/www.isabena.eu\/de\/kontakt\/\">kontaktieren<\/a><\/strong>, um alle Informationen zu erhalten. Verpassen Sie nicht unsere n\u00e4chsten Beitr\u00e4ge, um herauszufinden, was wir f\u00fcr diese Saison vorbereitet haben.<\/p>\n","protected":false},"excerpt":{"rendered":"<p>Der Countdown beginnt, den Sommer willkommen zu hei\u00dfen! Und damit der lang ersehnte Urlaub. Sicherlich sind sowohl Erwachsene als auch Jugendliche gespannt darauf, alle Aktivit\u00e4ten zu erleben, die wir auf Camping Is\u00e1bena f\u00fcr verschiedene Altersgruppen vorbereitet haben. Sie fragen sich immer noch, ob unsere Einrichtungen der ideale Ort f\u00fcr kleine Abenteurer sind? Wir laden Sie&#8230; <a class=\"excerpt-read-more\" href=\"https:\/\/www.isabena.eu\/de\/urlaub-auf-camping-isabena-die-perfekte-option-fuer-abenteuerlustige-kinder\/\" title=\"Read Camping Is\u00e1bena: die perfekte Wahl f\u00fcr Ferien mit Kindern\">Weiter &raquo;<\/a><\/p>\n","protected":false},"author":2,"featured_media":11607,"comment_status":"closed","ping_status":"closed","sticky":false,"template":"","format":"standard","meta":{"_acf_changed":false,"_joinchat":[],"footnotes":""},"categories":[18],"tags":[],"class_list":["post-11872","post","type-post","status-publish","format-standard","has-post-thumbnail","hentry","category-pyrenaen-camping"],"acf":[],"yoast_head":"<!-- This site is optimized with the Yoast SEO plugin v24.7 - https:\/\/yoast.com\/wordpress\/plugins\/seo\/ -->\n<title>Die perfekte Wahl f\u00fcr Ferien mit Kindern - Camping Is\u00e1bena<\/title>\n<meta name=\"description\" content=\"Wenn Sie sich immer noch fragen, ob unser Camping der ideale Ort f\u00fcr abenteuerlustige Kinder ist, lesen Sie weiter.\" \/>\n<meta name=\"robots\" content=\"index, follow, max-snippet:-1, max-image-preview:large, max-video-preview:-1\" \/>\n<link rel=\"canonical\" href=\"https:\/\/www.isabena.eu\/de\/urlaub-auf-camping-isabena-die-perfekte-option-fuer-abenteuerlustige-kinder\/\" \/>\n<meta property=\"og:locale\" content=\"de_DE\" \/>\n<meta property=\"og:type\" content=\"article\" \/>\n<meta property=\"og:title\" content=\"Die perfekte Wahl f\u00fcr Ferien mit Kindern - Camping Is\u00e1bena\" \/>\n<meta property=\"og:description\" content=\"Wenn Sie sich immer noch fragen, ob unser Camping der ideale Ort f\u00fcr abenteuerlustige Kinder ist, lesen Sie weiter.\" \/>\n<meta property=\"og:url\" content=\"https:\/\/www.isabena.eu\/de\/urlaub-auf-camping-isabena-die-perfekte-option-fuer-abenteuerlustige-kinder\/\" \/>\n<meta property=\"og:site_name\" content=\"Camping Is\u00e1bena\" \/>\n<meta property=\"article:publisher\" content=\"https:\/\/www.facebook.com\/Campingbungalparkisabena\" \/>\n<meta property=\"article:published_time\" content=\"2024-04-05T06:28:32+00:00\" \/>\n<meta property=\"article:modified_time\" content=\"2024-05-29T06:59:43+00:00\" \/>\n<meta property=\"og:image\" content=\"https:\/\/www.isabena.eu\/wp-content\/uploads\/2024\/04\/camping-con-ninos-5.jpg\" \/>\n\t<meta property=\"og:image:width\" content=\"1920\" \/>\n\t<meta property=\"og:image:height\" content=\"1280\" \/>\n\t<meta property=\"og:image:type\" content=\"image\/jpeg\" \/>\n<meta name=\"author\" content=\"Admin\" \/>\n<meta name=\"twitter:card\" content=\"summary_large_image\" \/>\n<meta name=\"twitter:creator\" content=\"@CampingIsbena\" \/>\n<meta name=\"twitter:site\" content=\"@CampingIsbena\" \/>\n<meta name=\"twitter:label1\" content=\"Verfasst von\" \/>\n\t<meta name=\"twitter:data1\" content=\"Admin\" \/>\n\t<meta name=\"twitter:label2\" content=\"Gesch\u00e4tzte Lesezeit\" \/>\n\t<meta name=\"twitter:data2\" content=\"3\u00a0Minuten\" \/>\n<!-- \/ Yoast SEO plugin. -->","yoast_head_json":{"title":"Die perfekte Wahl f\u00fcr Ferien mit Kindern - Camping Is\u00e1bena","description":"Wenn Sie sich immer noch fragen, ob unser Camping der ideale Ort f\u00fcr abenteuerlustige Kinder ist, lesen Sie weiter.","robots":{"index":"index","follow":"follow","max-snippet":"max-snippet:-1","max-image-preview":"max-image-preview:large","max-video-preview":"max-video-preview:-1"},"canonical":"https:\/\/www.isabena.eu\/de\/urlaub-auf-camping-isabena-die-perfekte-option-fuer-abenteuerlustige-kinder\/","og_locale":"de_DE","og_type":"article","og_title":"Die perfekte Wahl f\u00fcr Ferien mit Kindern - Camping Is\u00e1bena","og_description":"Wenn Sie sich immer noch fragen, ob unser Camping der ideale Ort f\u00fcr abenteuerlustige Kinder ist, lesen Sie weiter.","og_url":"https:\/\/www.isabena.eu\/de\/urlaub-auf-camping-isabena-die-perfekte-option-fuer-abenteuerlustige-kinder\/","og_site_name":"Camping Is\u00e1bena","article_publisher":"https:\/\/www.facebook.com\/Campingbungalparkisabena","article_published_time":"2024-04-05T06:28:32+00:00","article_modified_time":"2024-05-29T06:59:43+00:00","og_image":[{"width":1920,"height":1280,"url":"https:\/\/www.isabena.eu\/wp-content\/uploads\/2024\/04\/camping-con-ninos-5.jpg","type":"image\/jpeg"}],"author":"Admin","twitter_card":"summary_large_image","twitter_creator":"@CampingIsbena","twitter_site":"@CampingIsbena","twitter_misc":{"Verfasst von":"Admin","Gesch\u00e4tzte Lesezeit":"3\u00a0Minuten"},"schema":{"@context":"https:\/\/schema.org","@graph":[{"@type":"Article","@id":"https:\/\/www.isabena.eu\/de\/urlaub-auf-camping-isabena-die-perfekte-option-fuer-abenteuerlustige-kinder\/#article","isPartOf":{"@id":"https:\/\/www.isabena.eu\/de\/urlaub-auf-camping-isabena-die-perfekte-option-fuer-abenteuerlustige-kinder\/"},"author":{"name":"Admin","@id":"https:\/\/www.isabena.eu\/de\/#\/schema\/person\/5a8201f3c91d804b4ea492a22e9ec6b1"},"headline":"Camping Is\u00e1bena: die perfekte Wahl f\u00fcr Ferien mit Kindern","datePublished":"2024-04-05T06:28:32+00:00","dateModified":"2024-05-29T06:59:43+00:00","mainEntityOfPage":{"@id":"https:\/\/www.isabena.eu\/de\/urlaub-auf-camping-isabena-die-perfekte-option-fuer-abenteuerlustige-kinder\/"},"wordCount":437,"publisher":{"@id":"https:\/\/www.isabena.eu\/de\/#organization"},"image":{"@id":"https:\/\/www.isabena.eu\/de\/urlaub-auf-camping-isabena-die-perfekte-option-fuer-abenteuerlustige-kinder\/#primaryimage"},"thumbnailUrl":"https:\/\/www.isabena.eu\/wp-content\/uploads\/2024\/04\/camping-con-ninos-5.jpg","articleSection":["Pyren\u00e4en Camping"],"inLanguage":"de"},{"@type":"WebPage","@id":"https:\/\/www.isabena.eu\/de\/urlaub-auf-camping-isabena-die-perfekte-option-fuer-abenteuerlustige-kinder\/","url":"https:\/\/www.isabena.eu\/de\/urlaub-auf-camping-isabena-die-perfekte-option-fuer-abenteuerlustige-kinder\/","name":"Die perfekte Wahl f\u00fcr Ferien mit Kindern - Camping Is\u00e1bena","isPartOf":{"@id":"https:\/\/www.isabena.eu\/de\/#website"},"primaryImageOfPage":{"@id":"https:\/\/www.isabena.eu\/de\/urlaub-auf-camping-isabena-die-perfekte-option-fuer-abenteuerlustige-kinder\/#primaryimage"},"image":{"@id":"https:\/\/www.isabena.eu\/de\/urlaub-auf-camping-isabena-die-perfekte-option-fuer-abenteuerlustige-kinder\/#primaryimage"},"thumbnailUrl":"https:\/\/www.isabena.eu\/wp-content\/uploads\/2024\/04\/camping-con-ninos-5.jpg","datePublished":"2024-04-05T06:28:32+00:00","dateModified":"2024-05-29T06:59:43+00:00","description":"Wenn Sie sich immer noch fragen, ob unser Camping der ideale Ort f\u00fcr abenteuerlustige Kinder ist, lesen Sie weiter.","breadcrumb":{"@id":"https:\/\/www.isabena.eu\/de\/urlaub-auf-camping-isabena-die-perfekte-option-fuer-abenteuerlustige-kinder\/#breadcrumb"},"inLanguage":"de","potentialAction":[{"@type":"ReadAction","target":["https:\/\/www.isabena.eu\/de\/urlaub-auf-camping-isabena-die-perfekte-option-fuer-abenteuerlustige-kinder\/"]}]},{"@type":"ImageObject","inLanguage":"de","@id":"https:\/\/www.isabena.eu\/de\/urlaub-auf-camping-isabena-die-perfekte-option-fuer-abenteuerlustige-kinder\/#primaryimage","url":"https:\/\/www.isabena.eu\/wp-content\/uploads\/2024\/04\/camping-con-ninos-5.jpg","contentUrl":"https:\/\/www.isabena.eu\/wp-content\/uploads\/2024\/04\/camping-con-ninos-5.jpg","width":1920,"height":1280,"caption":"camping con ni\u00f1os"},{"@type":"BreadcrumbList","@id":"https:\/\/www.isabena.eu\/de\/urlaub-auf-camping-isabena-die-perfekte-option-fuer-abenteuerlustige-kinder\/#breadcrumb","itemListElement":[{"@type":"ListItem","position":1,"name":"Home","item":"https:\/\/www.isabena.eu\/de\/"},{"@type":"ListItem","position":2,"name":"Camping Is\u00e1bena: die perfekte Wahl f\u00fcr Ferien mit Kindern"}]},{"@type":"WebSite","@id":"https:\/\/www.isabena.eu\/de\/#website","url":"https:\/\/www.isabena.eu\/de\/","name":"Camping Is\u00e1bena","description":"Bienvenidos al Camping &amp; Bungalowpark Is\u00e1bena en La Puebla de Roda, en el sur de los Pirineos Centrales. Un camping acogedor con miles de actividades disponibles.","publisher":{"@id":"https:\/\/www.isabena.eu\/de\/#organization"},"alternateName":"Camping Is\u00e1bena","potentialAction":[{"@type":"SearchAction","target":{"@type":"EntryPoint","urlTemplate":"https:\/\/www.isabena.eu\/de\/?s={search_term_string}"},"query-input":{"@type":"PropertyValueSpecification","valueRequired":true,"valueName":"search_term_string"}}],"inLanguage":"de"},{"@type":"Organization","@id":"https:\/\/www.isabena.eu\/de\/#organization","name":"Camping Is\u00e1bena","alternateName":"Camping Is\u00e1bena","url":"https:\/\/www.isabena.eu\/de\/","logo":{"@type":"ImageObject","inLanguage":"de","@id":"https:\/\/www.isabena.eu\/de\/#\/schema\/logo\/image\/","url":"https:\/\/www.isabena.eu\/wp-content\/uploads\/2023\/06\/Logo-Color-cuadrado.png","contentUrl":"https:\/\/www.isabena.eu\/wp-content\/uploads\/2023\/06\/Logo-Color-cuadrado.png","width":314,"height":314,"caption":"Camping Is\u00e1bena"},"image":{"@id":"https:\/\/www.isabena.eu\/de\/#\/schema\/logo\/image\/"},"sameAs":["https:\/\/www.facebook.com\/Campingbungalparkisabena","https:\/\/x.com\/CampingIsbena","https:\/\/www.instagram.com\/camping_bungalowpark_isabena\/","https:\/\/www.youtube.com\/user\/CampingIsabena"]},{"@type":"Person","@id":"https:\/\/www.isabena.eu\/de\/#\/schema\/person\/5a8201f3c91d804b4ea492a22e9ec6b1","name":"Admin"}]}},"_links":{"self":[{"href":"https:\/\/www.isabena.eu\/de\/wp-json\/wp\/v2\/posts\/11872","targetHints":{"allow":["GET"]}}],"collection":[{"href":"https:\/\/www.isabena.eu\/de\/wp-json\/wp\/v2\/posts"}],"about":[{"href":"https:\/\/www.isabena.eu\/de\/wp-json\/wp\/v2\/types\/post"}],"author":[{"embeddable":true,"href":"https:\/\/www.isabena.eu\/de\/wp-json\/wp\/v2\/users\/2"}],"replies":[{"embeddable":true,"href":"https:\/\/www.isabena.eu\/de\/wp-json\/wp\/v2\/comments?post=11872"}],"version-history":[{"count":2,"href":"https:\/\/www.isabena.eu\/de\/wp-json\/wp\/v2\/posts\/11872\/revisions"}],"predecessor-version":[{"id":12422,"href":"https:\/\/www.isabena.eu\/de\/wp-json\/wp\/v2\/posts\/11872\/revisions\/12422"}],"wp:featuredmedia":[{"embeddable":true,"href":"https:\/\/www.isabena.eu\/de\/wp-json\/wp\/v2\/media\/11607"}],"wp:attachment":[{"href":"https:\/\/www.isabena.eu\/de\/wp-json\/wp\/v2\/media?parent=11872"}],"wp:term":[{"taxonomy":"category","embeddable":true,"href":"https:\/\/www.isabena.eu\/de\/wp-json\/wp\/v2\/categories?post=11872"},{"taxonomy":"post_tag","embeddable":true,"href":"https:\/\/www.isabena.eu\/de\/wp-json\/wp\/v2\/tags?post=11872"}],"curies":[{"name":"wp","href":"https:\/\/api.w.org\/{rel}","templated":true}]}}